{"id":12801,"date":"2022-07-12T03:34:54","date_gmt":"2022-07-12T06:34:54","guid":{"rendered":"https:\/\/hostnetart.com.br\/baixada\/inflacao-de-junho-sobe-e-acumula-alta-de-11-89-em-12-meses\/"},"modified":"2022-07-12T03:34:54","modified_gmt":"2022-07-12T06:34:54","slug":"inflacao-de-junho-sobe-e-acumula-alta-de-11-89-em-12-meses","status":"publish","type":"post","link":"https:\/\/hostnetart.com.br\/baixada\/inflacao-de-junho-sobe-e-acumula-alta-de-11-89-em-12-meses\/","title":{"rendered":"Infla\u00e7\u00e3o de junho sobe e acumula alta de 11,89% em 12 meses"},"content":{"rendered":"<p>O \u00cdndice Nacional de Pre\u00e7os ao Consumidor Amplo (IPCA), a infla\u00e7\u00e3o oficial do Brasil, registrou alta de 0,67% em junho, segundo dados divulgados nesta sexta-feira (8) pelo Instituto Brasileiro de Geografia e Estat\u00edstica (IBGE). Com esse resultado, a alta acumulada do IPCA no ano subiu para 5,49% e a dos \u00faltimos doze meses (de junho do ano passado a junho deste ano) para 11,89%. O pa\u00eds chega a dez meses com infla\u00e7\u00e3o acima de dois d\u00edgitos. Em setembro do ano passado, o \u00edndice atingiu 10,26%.<\/p>\n<p>Em algumas capitais, a alta acumulada em 12 meses \u00e9 ainda maior. Em Aracaju chega a 14,24% e em Salvador a 13,41%.<\/p>\n<h3>Maiores altas e baixas de junho<\/h3>\n<p>Em junho, as maiores altas em todo o pa\u00eds foram registradas nos pre\u00e7os do leite longa vida, que subiu 10,72% e o feij\u00e3o-carioca (9,74%). J\u00e1 as baixas do m\u00eas atingiram alguns dos produtos que registraram recordes de alta de quase 200% nos \u00faltimos doze meses. Este \u00e9 o caso da cenoura, que caiu 23,36% em junho e que j\u00e1 havia ca\u00eddo em maio (-24,07%), mas chegou a registrar mais de 195% de aumento em 12 meses.<\/p>\n<p>De acordo com o gerente da pesquisa, Pedro Kislanov, o resultado de junho \u201cfoi influenciado pelo aumento nos pre\u00e7os dos alimentos para consumo fora do domic\u00edlio (1,26%), com destaque para a refei\u00e7\u00e3o (0,95%) e o lanche (2,21%)\u201d.<\/p>\n<p>Ele explicou que, nos \u00faltimos meses, esses itens n\u00e3o acompanharam a alta de alimentos nos domic\u00edlios, como a cenoura e o tomate, e ficaram est\u00e1veis. \u201cAssim como outros servi\u00e7os que tiveram a demanda reprimida na pandemia, h\u00e1 tamb\u00e9m uma retomada na busca pela refei\u00e7\u00e3o fora de casa. Isso \u00e9 refletido nos pre\u00e7os\u201d, disse.<\/p>\n<p>O pesquisador tamb\u00e9m destaca outro fator que influenciou o resultado do \u00edndice em junho: o aumento no plano de sa\u00fade (2,99%). Em maio, a Ag\u00eancia Nacional de Sa\u00fade Suplementar (ANS) autorizou o reajuste de at\u00e9 15,50% nos planos individuais, com vig\u00eancia a partir de maio.<\/p>\n<p><strong>Fonte: Contraf-CUT<\/strong><\/p>\n","protected":false},"excerpt":{"rendered":"<p>O \u00cdndice Nacional de Pre\u00e7os ao Consumidor Amplo (IPCA), a infla\u00e7\u00e3o oficial do Brasil, registrou alta de 0,67% em junho, segundo dados divulgados nesta sexta-feira (8) pelo Instituto Brasileiro de Geografia e Estat\u00edstica (IBGE). Com esse resultado, a alta acumulada do IPCA no ano subiu para 5,49% e a dos \u00faltimos doze meses (de junho [&hellip;]<\/p>\n","protected":false},"author":2,"featured_media":12800,"comment_status":"","ping_status":"","sticky":false,"template":"","format":"standard","meta":{"footnotes":""},"categories":[3],"tags":[],"class_list":["post-12801","post","type-post","status-publish","format-standard","has-post-thumbnail","hentry","category-noticias"],"_links":{"self":[{"href":"https:\/\/hostnetart.com.br\/baixada\/wp-json\/wp\/v2\/posts\/12801","targetHints":{"allow":["GET"]}}],"collection":[{"href":"https:\/\/hostnetart.com.br\/baixada\/wp-json\/wp\/v2\/posts"}],"about":[{"href":"https:\/\/hostnetart.com.br\/baixada\/wp-json\/wp\/v2\/types\/post"}],"author":[{"embeddable":true,"href":"https:\/\/hostnetart.com.br\/baixada\/wp-json\/wp\/v2\/users\/2"}],"replies":[{"embeddable":true,"href":"https:\/\/hostnetart.com.br\/baixada\/wp-json\/wp\/v2\/comments?post=12801"}],"version-history":[{"count":0,"href":"https:\/\/hostnetart.com.br\/baixada\/wp-json\/wp\/v2\/posts\/12801\/revisions"}],"wp:featuredmedia":[{"embeddable":true,"href":"https:\/\/hostnetart.com.br\/baixada\/wp-json\/wp\/v2\/media\/12800"}],"wp:attachment":[{"href":"https:\/\/hostnetart.com.br\/baixada\/wp-json\/wp\/v2\/media?parent=12801"}],"wp:term":[{"taxonomy":"category","embeddable":true,"href":"https:\/\/hostnetart.com.br\/baixada\/wp-json\/wp\/v2\/categories?post=12801"},{"taxonomy":"post_tag","embeddable":true,"href":"https:\/\/hostnetart.com.br\/baixada\/wp-json\/wp\/v2\/tags?post=12801"}],"curies":[{"name":"wp","href":"https:\/\/api.w.org\/{rel}","templated":true}]}}