{"id":12797,"date":"2022-07-11T18:22:07","date_gmt":"2022-07-11T21:22:07","guid":{"rendered":"https:\/\/hostnetart.com.br\/baixada\/aumento-de-casos-de-covid-mostra-que-pandemia-esta-longe-do-fim\/"},"modified":"2022-07-11T18:22:07","modified_gmt":"2022-07-11T21:22:07","slug":"aumento-de-casos-de-covid-mostra-que-pandemia-esta-longe-do-fim","status":"publish","type":"post","link":"https:\/\/hostnetart.com.br\/baixada\/aumento-de-casos-de-covid-mostra-que-pandemia-esta-longe-do-fim\/","title":{"rendered":"Aumento de casos de covid mostra que pandemia est\u00e1 longe do fim"},"content":{"rendered":"<p>Desde 25 de junho, a contamina\u00e7\u00e3o por covid-19 supera os 50 mil casos di\u00e1rios, conforme informa\u00e7\u00f5es do\u00a0<a href=\"https:\/\/www.conass.org.br\/painelconasscovid19\/\" target=\"_blank\" rel=\"noopener noreferrer\">Conselho Nacional de Secret\u00e1rios de Sa\u00fade (Conass)<\/a>. O quadro \u00e9 certamente ainda mais grave por causa da subnotifica\u00e7\u00e3o, pois at\u00e9 hoje o governo federal n\u00e3o definiu meios para contabilizar os casos identificados por autotestes, a cada dia mais comuns no pa\u00eds.<\/p>\n<p>Apesar de quase 80% da popula\u00e7\u00e3o estar vacinada, o n\u00famero de mortes vem subindo no pa\u00eds, e est\u00e1 em uma m\u00e9dia de 243 por dia, conforme relat\u00f3rios do Conass. Na semana que se encerrou no s\u00e1bado (10), foram contabilizados 1.696 \u00f3bitos no Brasil.<\/p>\n<h3><strong>Reinfec\u00e7\u00e3o<\/strong><\/h3>\n<p>A Fiocruz, conforme seu mais recente\u00a0<a href=\"https:\/\/portal.fiocruz.br\/documento\/relatorio-da-rede-genomica-fiocruz-17-30-de-junho\" target=\"_blank\" rel=\"noopener noreferrer\">Relat\u00f3rio da Rede Gen\u00f4mica<\/a>, referente ao per\u00edodo de 17 a 30 de junho, h\u00e1 risco de nova onda de reinfec\u00e7\u00e3o no Brasil, em fun\u00e7\u00e3o da crescente circula\u00e7\u00e3o das linhagens da variante \u00d4microm do coronav\u00edrus, a BA.4 e BA.5. Esse mesmo fen\u00f4meno da pandemia j\u00e1 foi observado na Europa e nos pa\u00edses da Am\u00e9rica do Norte, onde a BA.4 e a BA.5 j\u00e1 se tornaram dominantes.<\/p>\n<h3><strong>Banc\u00e1rias e banc\u00e1rios<\/strong><\/h3>\n<p>Esse quadro acende o sinal de alerta e indica a manuten\u00e7\u00e3o do uso de m\u00e1scara em ambientes fechados, como escolas, com\u00e9rcio e locais de trabalho. Para o secret\u00e1rio de Sa\u00fade do Trabalhador da Confedera\u00e7\u00e3o Nacional dos Trabalhadores do Ramo Financeiro (Contraf-CUT), Mauro Salles, \u201cbanc\u00e1rias e banc\u00e1rios trabalham na linha de frente, em contato com muitas pessoas, e por isso devem se cuidar e cumprir os protocolos de sa\u00fade, conforme a orienta\u00e7\u00e3o de especialistas\u201d. Mauro lembra que \u201cesse \u00e9 o \u00fanico caminho para proteger a si mesmo, a fam\u00edlia e a sociedade toda, que precisa se unir para dar um fim \u00e0 pandemia\u201d.<\/p>\n<h3><strong>Cuidados<\/strong><\/h3>\n<p>Siga as orienta\u00e7\u00f5es da Organiza\u00e7\u00e3o Mundial da Sa\u00fade (OMS) para se defender do coronav\u00edrus:<\/p>\n<ul>\n<li>Mantenha dist\u00e2ncia de outras pessoas de pelo menos 1 metro.<\/li>\n<li>Evite aglomera\u00e7\u00f5es.<\/li>\n<li>Use m\u00e1scara, especialmente em locais fechados. Troque o equipamento sempre que ele ficar \u00famido.<\/li>\n<li>Prefira locais abertos e ventilados. Abra uma janela se estiver em local fechado.<\/li>\n<li>Limpe as m\u00e3os com frequ\u00eancia, com sab\u00e3o e \u00e1gua ou \u00e1lcool em gel.<\/li>\n<li>Mantenha-se em dia com a vacina. At\u00e9 o momento, todos adultos devem ter tomado a primeira dose de refor\u00e7o. Dependendo da idade, a segunda dose de refor\u00e7o j\u00e1 est\u00e1 dispon\u00edvel.<\/li>\n<li>Cubra o nariz e a boca com o bra\u00e7o dobrado ou um len\u00e7o ao tossir ou espirrar.<\/li>\n<li>Evite tocar superf\u00edcies de locais p\u00fablicos. Limpe superf\u00edcies com frequ\u00eancia.<\/li>\n<li>Fique em casa se voc\u00ea sentir indisposi\u00e7\u00e3o.<\/li>\n<li>Procure atendimento m\u00e9dico se tiver febre, tosse e dificuldade para respirar. Se poss\u00edvel, ligue para a unidade de sa\u00fade e pe\u00e7a orienta\u00e7\u00f5es antecipadas.<\/li>\n<li>Mantenha-se informado sobre a situa\u00e7\u00e3o em sua localidade.<\/li>\n<\/ul>\n<p><a href=\"https:\/\/www.youtube.com\/watch?v=tiZCuWDI5No\" target=\"_blank\" rel=\"noopener noreferrer\">Clique aqui<\/a>\u00a0e veja o v\u00eddeo da OMS com a orienta\u00e7\u00e3o b\u00e1sica para se proteger.<\/p>\n<p><strong>Fonte: Contraf-CUT<\/strong><\/p>\n","protected":false},"excerpt":{"rendered":"<p>Desde 25 de junho, a contamina\u00e7\u00e3o por covid-19 supera os 50 mil casos di\u00e1rios, conforme informa\u00e7\u00f5es do\u00a0Conselho Nacional de Secret\u00e1rios de Sa\u00fade (Conass). O quadro \u00e9 certamente ainda mais grave por causa da subnotifica\u00e7\u00e3o, pois at\u00e9 hoje o governo federal n\u00e3o definiu meios para contabilizar os casos identificados por autotestes, a cada dia mais comuns [&hellip;]<\/p>\n","protected":false},"author":2,"featured_media":12796,"comment_status":"","ping_status":"","sticky":false,"template":"","format":"standard","meta":{"footnotes":""},"categories":[3],"tags":[],"class_list":["post-12797","post","type-post","status-publish","format-standard","has-post-thumbnail","hentry","category-noticias"],"_links":{"self":[{"href":"https:\/\/hostnetart.com.br\/baixada\/wp-json\/wp\/v2\/posts\/12797","targetHints":{"allow":["GET"]}}],"collection":[{"href":"https:\/\/hostnetart.com.br\/baixada\/wp-json\/wp\/v2\/posts"}],"about":[{"href":"https:\/\/hostnetart.com.br\/baixada\/wp-json\/wp\/v2\/types\/post"}],"author":[{"embeddable":true,"href":"https:\/\/hostnetart.com.br\/baixada\/wp-json\/wp\/v2\/users\/2"}],"replies":[{"embeddable":true,"href":"https:\/\/hostnetart.com.br\/baixada\/wp-json\/wp\/v2\/comments?post=12797"}],"version-history":[{"count":0,"href":"https:\/\/hostnetart.com.br\/baixada\/wp-json\/wp\/v2\/posts\/12797\/revisions"}],"wp:featuredmedia":[{"embeddable":true,"href":"https:\/\/hostnetart.com.br\/baixada\/wp-json\/wp\/v2\/media\/12796"}],"wp:attachment":[{"href":"https:\/\/hostnetart.com.br\/baixada\/wp-json\/wp\/v2\/media?parent=12797"}],"wp:term":[{"taxonomy":"category","embeddable":true,"href":"https:\/\/hostnetart.com.br\/baixada\/wp-json\/wp\/v2\/categories?post=12797"},{"taxonomy":"post_tag","embeddable":true,"href":"https:\/\/hostnetart.com.br\/baixada\/wp-json\/wp\/v2\/tags?post=12797"}],"curies":[{"name":"wp","href":"https:\/\/api.w.org\/{rel}","templated":true}]}}