{"id":12795,"date":"2022-07-11T17:21:54","date_gmt":"2022-07-11T20:21:54","guid":{"rendered":"https:\/\/hostnetart.com.br\/baixada\/campanha-nacional-espaco-a-pessoas-com-deficiencia-tem-de-aumentar\/"},"modified":"2022-07-11T17:21:54","modified_gmt":"2022-07-11T20:21:54","slug":"campanha-nacional-espaco-a-pessoas-com-deficiencia-tem-de-aumentar","status":"publish","type":"post","link":"https:\/\/hostnetart.com.br\/baixada\/campanha-nacional-espaco-a-pessoas-com-deficiencia-tem-de-aumentar\/","title":{"rendered":"Campanha Nacional: espa\u00e7o a pessoas com defici\u00eancia tem de aumentar"},"content":{"rendered":"<p>O combate \u00e0 discrimina\u00e7\u00e3o de pessoas com defici\u00eancia (PCD) no setor banc\u00e1rio foi defendido pelos representantes da categoria na mais recente rodada de negocia\u00e7\u00e3o da Campanha 2022, em reuni\u00e3o com a Federa\u00e7\u00e3o Nacional dos Bancos (Fenaban), na quarta-feira (6).<\/p>\n<p>A legisla\u00e7\u00e3o determina que empresas com mais de mil empregados, como os bancos, tenham pelos menos 5% de PCDs em seus quadros. Por\u00e9m, segundo os dados mais recentes da Rela\u00e7\u00e3o Anual de Informa\u00e7\u00f5es Sociais (RAIS), de 2019, apresentados na reuni\u00e3o em estudo do Departamento Intersindical de Estat\u00edsticas e Estudos Socioecon\u00f4micos (Dieese), esse \u00edndice chegava a apenas 3,4% da categoria, ou 15.568 empregados.<\/p>\n<h3><strong>Plena inclus\u00e3o<\/strong><\/h3>\n<p>\u201cAl\u00e9m de mais contrata\u00e7\u00e3o, a categoria banc\u00e1ria exige a plena inclus\u00e3o e integra\u00e7\u00e3o de trabalhadores e trabalhadoras com defici\u00eancia e o combate efetivo a qualquer forma de discrimina\u00e7\u00e3o\u201d, afirma o secret\u00e1rio de Pol\u00edticas Sociais da Confedera\u00e7\u00e3o Nacional dos Trabalhadores do Ramo Financeiro (Contraf-CUT), Elias Jord\u00e3o. \u201cTamb\u00e9m \u00e9 dever de todos, sociedade e empresa, garantir que haja garantia plena para que seu trabalho seja feito em condi\u00e7\u00f5es dignas e com respeito a suas limita\u00e7\u00f5es ou recomenda\u00e7\u00f5es m\u00e9dicas\u201d, completa Elias.<\/p>\n<p>Entre as a\u00e7\u00f5es necess\u00e1rias para o cumprimento das cl\u00e1usulas espec\u00edficas relacionadas aos banc\u00e1rios com defici\u00eancia, est\u00e3o cursos de forma\u00e7\u00e3o, conhecimento de Libras por pelo menos um funcion\u00e1rio por setor, promo\u00e7\u00e3o de acessibilidade universal, subs\u00eddio a aquisi\u00e7\u00e3o de equipamentos (cadeiras de roda, muletas, pr\u00f3tese, bengala, \u00f3culos, aparelho auditivo, \u00f3rteses) e a concess\u00e3o de transporte especial e de financiamento de ve\u00edculo.<\/p>\n<h3><strong>Continuidade das negocia\u00e7\u00f5es<\/strong><\/h3>\n<p>Ap\u00f3s todas as reuni\u00f5es, que seguem at\u00e9 11 de agosto, a comiss\u00e3o da Fenaban levar\u00e1 aos bancos as propostas do Comando Nacional dos Banc\u00e1rios. Ao final, ser\u00e1 apresentada uma proposta global, com todos os temas em negocia\u00e7\u00e3o.<\/p>\n<h3><strong>Calend\u00e1rio de reuni\u00f5es<\/strong><\/h3>\n<p>Sexta-feira, 22 de julho: Cl\u00e1usulas Sociais e Teletrabalho<br \/>Quinta-feira, 28 de julho: Cl\u00e1usulas Sociais e Seguran\u00e7a Banc\u00e1ria<br \/>Segunda-feira, 1\u00ba de agosto: Sa\u00fade e Condi\u00e7\u00f5es de Trabalho<br \/>Quarta-feira, 3 de agosto: Cl\u00e1usulas Econ\u00f4micas<br \/>Segunda-feira, 8 de agosto: Cl\u00e1usulas Econ\u00f4micas<br \/>Quinta-feira, 11 de agosto: Continua\u00e7\u00e3o das Cl\u00e1usulas Econ\u00f4micas<\/p>\n<p><strong>Fonte: Contraf-CUT<\/strong><\/p>\n","protected":false},"excerpt":{"rendered":"<p>O combate \u00e0 discrimina\u00e7\u00e3o de pessoas com defici\u00eancia (PCD) no setor banc\u00e1rio foi defendido pelos representantes da categoria na mais recente rodada de negocia\u00e7\u00e3o da Campanha 2022, em reuni\u00e3o com a Federa\u00e7\u00e3o Nacional dos Bancos (Fenaban), na quarta-feira (6). A legisla\u00e7\u00e3o determina que empresas com mais de mil empregados, como os bancos, tenham pelos menos [&hellip;]<\/p>\n","protected":false},"author":2,"featured_media":12794,"comment_status":"","ping_status":"","sticky":false,"template":"","format":"standard","meta":{"footnotes":""},"categories":[3],"tags":[],"class_list":["post-12795","post","type-post","status-publish","format-standard","has-post-thumbnail","hentry","category-noticias"],"_links":{"self":[{"href":"https:\/\/hostnetart.com.br\/baixada\/wp-json\/wp\/v2\/posts\/12795","targetHints":{"allow":["GET"]}}],"collection":[{"href":"https:\/\/hostnetart.com.br\/baixada\/wp-json\/wp\/v2\/posts"}],"about":[{"href":"https:\/\/hostnetart.com.br\/baixada\/wp-json\/wp\/v2\/types\/post"}],"author":[{"embeddable":true,"href":"https:\/\/hostnetart.com.br\/baixada\/wp-json\/wp\/v2\/users\/2"}],"replies":[{"embeddable":true,"href":"https:\/\/hostnetart.com.br\/baixada\/wp-json\/wp\/v2\/comments?post=12795"}],"version-history":[{"count":0,"href":"https:\/\/hostnetart.com.br\/baixada\/wp-json\/wp\/v2\/posts\/12795\/revisions"}],"wp:featuredmedia":[{"embeddable":true,"href":"https:\/\/hostnetart.com.br\/baixada\/wp-json\/wp\/v2\/media\/12794"}],"wp:attachment":[{"href":"https:\/\/hostnetart.com.br\/baixada\/wp-json\/wp\/v2\/media?parent=12795"}],"wp:term":[{"taxonomy":"category","embeddable":true,"href":"https:\/\/hostnetart.com.br\/baixada\/wp-json\/wp\/v2\/categories?post=12795"},{"taxonomy":"post_tag","embeddable":true,"href":"https:\/\/hostnetart.com.br\/baixada\/wp-json\/wp\/v2\/tags?post=12795"}],"curies":[{"name":"wp","href":"https:\/\/api.w.org\/{rel}","templated":true}]}}