{"id":12793,"date":"2022-07-11T17:14:48","date_gmt":"2022-07-11T20:14:48","guid":{"rendered":"https:\/\/hostnetart.com.br\/baixada\/folga-assiduidade-deve-ser-usufruida-ate-o-dia-31-de-agosto\/"},"modified":"2022-07-11T17:14:48","modified_gmt":"2022-07-11T20:14:48","slug":"folga-assiduidade-deve-ser-usufruida-ate-o-dia-31-de-agosto","status":"publish","type":"post","link":"https:\/\/hostnetart.com.br\/baixada\/folga-assiduidade-deve-ser-usufruida-ate-o-dia-31-de-agosto\/","title":{"rendered":"Folga Assiduidade deve ser usufru\u00edda at\u00e9 o dia 31 de agosto"},"content":{"rendered":"<p>As banc\u00e1rias e os banc\u00e1rios\u00a0que ainda n\u00e3o\u00a0usufru\u00edram\u00a0da folga assiduidade a que t\u00eam direito na Conven\u00e7\u00e3o Coletiva de Trabalho (CCT), devem ficar atentos.<\/p>\n<p>O prazo termina no dia 31 de agosto de 2022 e a data deve ser definida pelo funcion\u00e1rio em conjunto com o gestor.<\/p>\n<p><span style=\"text-decoration: underline;\">ENTENDA<\/span><\/p>\n<p>Conquistada em 2013, a folga assiduidade est\u00e1 prevista na cl\u00e1usula 24 da CCT 2020\/2022 e \u00e9 devida a todos com um ano de v\u00ednculo empregat\u00edcio.\u00a0<\/p>\n<p><strong>Para ter direito, o banc\u00e1rio n\u00e3o pode ter falta injustificada no per\u00edodo de 01\/09\/2020 a 31\/08\/2021.<\/strong><\/p>\n<p>A folga n\u00e3o pode ser convertida em pec\u00fania (dinheiro), n\u00e3o adquire car\u00e1ter cumulativo e n\u00e3o poder\u00e1 ser utilizada para compensar faltas ao servi\u00e7o.<\/p>\n<p>O banco que j\u00e1 concede folgas ao empregado, como \u201cfaltas abonadas\u201d, \u201cabono assiduidade\u201d ou \u201cfolga de anivers\u00e1rio\u201d fica desobrigado do cumprimento da cl\u00e1usula. Na CAIXA, devido aos cinco dias de APIP (Aus\u00eancia Permitida para tratar de Interesse Particular), tamb\u00e9m n\u00e3o h\u00e1 concess\u00e3o da folga assiduidade.<\/p>\n<p><span style=\"text-decoration: underline;\">IMPORTANTE<\/span><\/p>\n<p>A data para a realiza\u00e7\u00e3o do benef\u00edcio deve ser estabelecida em comum acordo entre funcion\u00e1rio e gestor.<\/p>\n<p>O Sindicato dos Banc\u00e1rios da Baixada Fluminense estar\u00e1 atento \u00e0s den\u00fancias\u00a0 de abuso relativo a este item.<\/p>\n<p>\u00a0<\/p>\n","protected":false},"excerpt":{"rendered":"<p>As banc\u00e1rias e os banc\u00e1rios\u00a0que ainda n\u00e3o\u00a0usufru\u00edram\u00a0da folga assiduidade a que t\u00eam direito na Conven\u00e7\u00e3o Coletiva de Trabalho (CCT), devem ficar atentos. O prazo termina no dia 31 de agosto de 2022 e a data deve ser definida pelo funcion\u00e1rio em conjunto com o gestor. ENTENDA Conquistada em 2013, a folga assiduidade est\u00e1 prevista na [&hellip;]<\/p>\n","protected":false},"author":2,"featured_media":12792,"comment_status":"","ping_status":"","sticky":false,"template":"","format":"standard","meta":{"footnotes":""},"categories":[3],"tags":[],"class_list":["post-12793","post","type-post","status-publish","format-standard","has-post-thumbnail","hentry","category-noticias"],"_links":{"self":[{"href":"https:\/\/hostnetart.com.br\/baixada\/wp-json\/wp\/v2\/posts\/12793","targetHints":{"allow":["GET"]}}],"collection":[{"href":"https:\/\/hostnetart.com.br\/baixada\/wp-json\/wp\/v2\/posts"}],"about":[{"href":"https:\/\/hostnetart.com.br\/baixada\/wp-json\/wp\/v2\/types\/post"}],"author":[{"embeddable":true,"href":"https:\/\/hostnetart.com.br\/baixada\/wp-json\/wp\/v2\/users\/2"}],"replies":[{"embeddable":true,"href":"https:\/\/hostnetart.com.br\/baixada\/wp-json\/wp\/v2\/comments?post=12793"}],"version-history":[{"count":0,"href":"https:\/\/hostnetart.com.br\/baixada\/wp-json\/wp\/v2\/posts\/12793\/revisions"}],"wp:featuredmedia":[{"embeddable":true,"href":"https:\/\/hostnetart.com.br\/baixada\/wp-json\/wp\/v2\/media\/12792"}],"wp:attachment":[{"href":"https:\/\/hostnetart.com.br\/baixada\/wp-json\/wp\/v2\/media?parent=12793"}],"wp:term":[{"taxonomy":"category","embeddable":true,"href":"https:\/\/hostnetart.com.br\/baixada\/wp-json\/wp\/v2\/categories?post=12793"},{"taxonomy":"post_tag","embeddable":true,"href":"https:\/\/hostnetart.com.br\/baixada\/wp-json\/wp\/v2\/tags?post=12793"}],"curies":[{"name":"wp","href":"https:\/\/api.w.org\/{rel}","templated":true}]}}