{"id":12791,"date":"2022-07-08T14:05:16","date_gmt":"2022-07-08T17:05:16","guid":{"rendered":"https:\/\/hostnetart.com.br\/baixada\/alimentos-planos-de-saude-e-passagens-aereas-causam-mais-uma-alta-da-inflacao-ipca-volta-a-encostar-nos-12\/"},"modified":"2022-07-08T14:05:16","modified_gmt":"2022-07-08T17:05:16","slug":"alimentos-planos-de-saude-e-passagens-aereas-causam-mais-uma-alta-da-inflacao-ipca-volta-a-encostar-nos-12","status":"publish","type":"post","link":"https:\/\/hostnetart.com.br\/baixada\/alimentos-planos-de-saude-e-passagens-aereas-causam-mais-uma-alta-da-inflacao-ipca-volta-a-encostar-nos-12\/","title":{"rendered":"Alimentos, planos de sa\u00fade e passagens a\u00e9reas causam mais uma alta da infla\u00e7\u00e3o. IPCA volta a encostar nos 12%"},"content":{"rendered":"<p>O \u00cdndice Nacional de Pre\u00e7os ao Consumidor Amplo (IPCA) subiu 0,67% em junho, bem acima de maio e de igual m\u00eas do ano passado. Com isso, o indicador oficial da infla\u00e7\u00e3o sobe 5,49% no ano (ante 3,77% no primeiro semestre de 2021) e 11,89% em 12 meses. Alguns produtos t\u00eam alta bastante superior \u00e0 m\u00e9dia (<em>confira abaixo<\/em>). O IPCA aumenta em todas as regi\u00f5es e em todos os grupos, segundo os resultados\u00a0<a href=\"https:\/\/ibge.gov.br\/\" target=\"_blank\" rel=\"noopener noreferrer\">divulgados nesta sexta-feira (8) pelo IBGE<\/a>.<\/p>\n<p>Alimenta\u00e7\u00e3o e Bebidas, por exemplo, o segundo grupo de maior peso na composi\u00e7\u00e3o do \u00edndice, teve alta de 0,80%, ante 0,48% em maio. A refei\u00e7\u00e3o fora do domic\u00edlio mais que dobrou (de 0,41% para 0,95%), assim como o lanche (de 1,08% para 2,21%). O IBGE tamb\u00e9m apurou aumento do leite longa vida (10,72%) e do feij\u00e3o carioca (9,74%), entre outros itens. Por outro lado, ca\u00edram os pre\u00e7os m\u00e9dios de cenoura (-23,36%), cebola (-7,06%), batata inglesa (-3,47%) e tomate (-2,70%).<\/p>\n<h3>G\u00e1s encanado e energia<\/h3>\n<p>No grupo Habita\u00e7\u00e3o, a alta de 0,41% tem impacto de reajustes da taxa de \u00e1gua e esgoto (aumento m\u00e9dio de 2,17% no m\u00eas) em algumas regi\u00f5es (Bel\u00e9m, Campo Grande, Curitiba e S\u00e3o Paulo). O g\u00e1s encanado subiu 0,81%, tamb\u00e9m com reajustes em Curitiba e no Rio de Janeiro. O custo de energia el\u00e9trica caiu 1,07%, com bandeira tarif\u00e1ria verde (sem cobran\u00e7a adicional).<\/p>\n<p>Em Transportes (0,57%), grupo de maior peso na infla\u00e7\u00e3o, a alta menos intensa no m\u00eas se deve aos pre\u00e7os dos combust\u00edveis, que ca\u00edram 1,20%, em m\u00e9dia. O da gasolina recuou 0,72% e o do etanol, 6,41%. J\u00e1 o \u00f3leo diesel e o g\u00e1s veicular tiveram altas de 3,82% e 0,30%, respectivamente. Mas a maior varia\u00e7\u00e3o, com impacto de 0,06 ponto percentual na taxa geral, foi das passagens a\u00e9reas: aumento de 11,32% em junho e de 122,40% em 12 meses.<\/p>\n<div class=\"widget-area-inside-single-content\">\u00a0<\/div>\n<p><strong>Confira alguns dos destaques no acumulado:<\/strong><\/p>\n<figure class=\"wp-block-image size-large\"><img fetchpriority=\"high\" decoding=\"async\" class=\"wp-image-575577 lazyloaded\" src=\"https:\/\/www.redebrasilatual.com.br\/wp-content\/uploads\/2022\/07\/artinfla-1024x657.jpeg\" sizes=\"(max-width: 1024px) 100vw, 1024px\" srcset=\"https:\/\/www.redebrasilatual.com.br\/wp-content\/uploads\/2022\/07\/artinfla-1024x657.jpeg 1024w, https:\/\/www.redebrasilatual.com.br\/wp-content\/uploads\/2022\/07\/artinfla-360x231.jpeg 360w, https:\/\/www.redebrasilatual.com.br\/wp-content\/uploads\/2022\/07\/artinfla-768x493.jpeg 768w, https:\/\/www.redebrasilatual.com.br\/wp-content\/uploads\/2022\/07\/artinfla.jpeg 1200w\" alt=\"\" width=\"1024\" height=\"657\" data-ll-status=\"loaded\" \/><\/figure>\n<p>Ainda nesse grupo, o custo m\u00e9dio do \u00f4nibus urbano subiu 0,72%, com reajustes de tarifa em Salvador e Aracaju. Houve aumentos tamb\u00e9m nos intermunicipais.\u00a0<\/p>\n<h3>ANS aumenta planos de sa\u00fade<\/h3>\n<p>Com alta mensal de 1,24%, o grupo Sa\u00fade e Cuidados Pessoais teve como destaque os planos de sa\u00fade, que subiram 2,99% e representaram impacto de 0,10% no IPCA. \u201cO resultado \u00e9 consequ\u00eancia do reajuste de at\u00e9 15,50% para os planos individuais autorizado pela Ag\u00eancia Nacional de Sa\u00fade Suplementar (ANS) em 26 de maio, com vig\u00eancia a partir de maio de 2022 e cujo ciclo se encerra em abril de 2023\u201d, lembra o IBGE. Tamb\u00e9m aumentaram pre\u00e7os de produtos farmac\u00eauticos\u00a0(0,61%) e itens de higiene pessoal (0,55%).<\/p>\n<p>Por fim, o grupo Vestu\u00e1rio teve alta de 1,67% no m\u00eas. Segundo o instituto, os destaques foram roupas masculinas (2,19%) e femininas\u00a0(2%). As infantis subiram 1,49%, enquanto os cal\u00e7ados e acess\u00f3rias registraram aumento de 1,21%.<\/p>\n<p>Todas as \u00e1reas pesquisadas tiveram alta em junho, variando de 0,26% (Bel\u00e9m) a 1,24% (regi\u00e3o metropolitana de Salvador). Em 12 meses, o IPCA vai de 9,55% (Bel\u00e9m) a 14,24% (Grande Curitiba). Soma 11,67% na regi\u00e3o metropolitana de S\u00e3o Paulo e 11,77% no Grande Rio, al\u00e9m de 11,57% em Bras\u00edlia.<\/p>\n<h3>INPC soma 11,92%<\/h3>\n<p>O\u00a0\u00cdndice Nacional de Pre\u00e7os ao Consumidor (INPC)\u00a0teve alta de 0,62% no m\u00eas passado, segundo o IBGE. Agora, soma 5,61% no ano e 11,92% em 12 meses.<\/p>\n<p>Os produtos aliment\u00edcios foram de 0,63%, em maio, para 0,78%. J\u00e1 os n\u00e3o aliment\u00edcios passaram de 0,39% para 0,57%. Todas as regi\u00f5es tiveram alta.<\/p>\n<p><strong>Fonte: Rede Brasil Atual<\/strong><\/p>\n","protected":false},"excerpt":{"rendered":"<p>O \u00cdndice Nacional de Pre\u00e7os ao Consumidor Amplo (IPCA) subiu 0,67% em junho, bem acima de maio e de igual m\u00eas do ano passado. Com isso, o indicador oficial da infla\u00e7\u00e3o sobe 5,49% no ano (ante 3,77% no primeiro semestre de 2021) e 11,89% em 12 meses. Alguns produtos t\u00eam alta bastante superior \u00e0 m\u00e9dia [&hellip;]<\/p>\n","protected":false},"author":2,"featured_media":12790,"comment_status":"","ping_status":"","sticky":false,"template":"","format":"standard","meta":{"footnotes":""},"categories":[3],"tags":[],"class_list":["post-12791","post","type-post","status-publish","format-standard","has-post-thumbnail","hentry","category-noticias"],"_links":{"self":[{"href":"https:\/\/hostnetart.com.br\/baixada\/wp-json\/wp\/v2\/posts\/12791","targetHints":{"allow":["GET"]}}],"collection":[{"href":"https:\/\/hostnetart.com.br\/baixada\/wp-json\/wp\/v2\/posts"}],"about":[{"href":"https:\/\/hostnetart.com.br\/baixada\/wp-json\/wp\/v2\/types\/post"}],"author":[{"embeddable":true,"href":"https:\/\/hostnetart.com.br\/baixada\/wp-json\/wp\/v2\/users\/2"}],"replies":[{"embeddable":true,"href":"https:\/\/hostnetart.com.br\/baixada\/wp-json\/wp\/v2\/comments?post=12791"}],"version-history":[{"count":0,"href":"https:\/\/hostnetart.com.br\/baixada\/wp-json\/wp\/v2\/posts\/12791\/revisions"}],"wp:featuredmedia":[{"embeddable":true,"href":"https:\/\/hostnetart.com.br\/baixada\/wp-json\/wp\/v2\/media\/12790"}],"wp:attachment":[{"href":"https:\/\/hostnetart.com.br\/baixada\/wp-json\/wp\/v2\/media?parent=12791"}],"wp:term":[{"taxonomy":"category","embeddable":true,"href":"https:\/\/hostnetart.com.br\/baixada\/wp-json\/wp\/v2\/categories?post=12791"},{"taxonomy":"post_tag","embeddable":true,"href":"https:\/\/hostnetart.com.br\/baixada\/wp-json\/wp\/v2\/tags?post=12791"}],"curies":[{"name":"wp","href":"https:\/\/api.w.org\/{rel}","templated":true}]}}