{"id":12789,"date":"2022-07-08T13:56:14","date_gmt":"2022-07-08T16:56:14","guid":{"rendered":"https:\/\/hostnetart.com.br\/baixada\/cut-abre-ponto-de-apoio-para-trabalhadores-em-aplicativos-garantir-condicoes-decentes-para-os-precarizados\/"},"modified":"2022-07-08T13:56:14","modified_gmt":"2022-07-08T16:56:14","slug":"cut-abre-ponto-de-apoio-para-trabalhadores-em-aplicativos-garantir-condicoes-decentes-para-os-precarizados","status":"publish","type":"post","link":"https:\/\/hostnetart.com.br\/baixada\/cut-abre-ponto-de-apoio-para-trabalhadores-em-aplicativos-garantir-condicoes-decentes-para-os-precarizados\/","title":{"rendered":"CUT abre ponto de apoio para trabalhadores em aplicativos. \u2018Garantir condi\u00e7\u00f5es decentes para os precarizados\u2019"},"content":{"rendered":"<p>A CUT (<a href=\"http:\/\/cut.org.br\/\" target=\"_blank\" rel=\"noopener noreferrer\">Central \u00danica dos Trabalhadore<\/a>s) inaugura nesta sexta-feira (8), \u00e0s 15h, em Bras\u00edlia, um Ponto de Apoio aos Trabalhadores em aplicativos. \u201cGarantir que esses trabalhadores, t\u00e3o precarizados pelas empresas e ignorados pelo poder p\u00fablico, tenham condi\u00e7\u00f5es de trabalho decente \u00e9 um desafio importante para CUT, que j\u00e1 havia sido colocado no nosso congresso nacional antes mesmo da pandemia , em 2019\u201d, afirma o presidente da entidade, S\u00e9rgio Nobre, que participa do ato, na Asa Sul.<\/p>\n<p>Segundo a central, o espa\u00e7o \u00e9 desdobramento de um\u00a0<a href=\"https:\/\/www.redebrasilatual.com.br\/trabalho\/2021\/12\/entrega-aplicativos-desafio-sindicatos-regulacao\/\" target=\"_blank\" rel=\"noopener noreferrer\">estudo feito em parceria com a Organiza\u00e7\u00e3o Internacional do Trabalho (OIT)<\/a>, e coopera\u00e7\u00e3o de universidades p\u00fablicas, sobre as condi\u00e7\u00f5es de trabalho e vida de quem atua no setor. Divulgado em dezembro, o estudo detalhou o perfil desses trabalhadores tendo como refer\u00eancias o Distrito Federal e Recife. Criar pontos de apoio foi uma das principais reivindica\u00e7\u00f5es apresentadas pelos entrevistados.<\/p>\n<p>Apenas na capital federal trabalham aproximadamente 50 mil entregadores via aplicativos. A pesquisa mostrou que 92% s\u00e3o homens, a maioria tem at\u00e9 30 anos e 68% s\u00e3o pretos ou pardos (classifica\u00e7\u00e3o usada pelo IBGE). A renda mensal \u00e9 inferior a um sal\u00e1rio m\u00ednimo: R$ 1.172,63, ou R$ 5,03 por hora trabalhada.<\/p>\n<h3>Dignidade e organiza\u00e7\u00e3o<\/h3>\n<p>O ponto de apoio a ser inaugurado nesta sexta ter\u00e1 sanit\u00e1rios, \u00e1rea para alimenta\u00e7\u00e3o e repouso, pontos de recarga de celular, estacionamento para motos e bicicletas e acesso \u00e0 internet. \u201cAl\u00e9m de apoiar e orientar a organiza\u00e7\u00e3o desses trabalhadores, a CUT tem orientado seus sindicatos de base a disponibilizar, em suas estruturas, apoio e acolhimento a entregadores por aplicativos e tamb\u00e9m outros que trabalham nas ruas, como ambulantes, garis e coletores de lixo\u201d, acrescenta a central.<\/p>\n<p><strong>Fonte: Rede Brasil Atual<\/strong><\/p>\n","protected":false},"excerpt":{"rendered":"<p>A CUT (Central \u00danica dos Trabalhadores) inaugura nesta sexta-feira (8), \u00e0s 15h, em Bras\u00edlia, um Ponto de Apoio aos Trabalhadores em aplicativos. \u201cGarantir que esses trabalhadores, t\u00e3o precarizados pelas empresas e ignorados pelo poder p\u00fablico, tenham condi\u00e7\u00f5es de trabalho decente \u00e9 um desafio importante para CUT, que j\u00e1 havia sido colocado no nosso congresso nacional [&hellip;]<\/p>\n","protected":false},"author":2,"featured_media":12788,"comment_status":"","ping_status":"","sticky":false,"template":"","format":"standard","meta":{"footnotes":""},"categories":[3],"tags":[],"class_list":["post-12789","post","type-post","status-publish","format-standard","has-post-thumbnail","hentry","category-noticias"],"_links":{"self":[{"href":"https:\/\/hostnetart.com.br\/baixada\/wp-json\/wp\/v2\/posts\/12789","targetHints":{"allow":["GET"]}}],"collection":[{"href":"https:\/\/hostnetart.com.br\/baixada\/wp-json\/wp\/v2\/posts"}],"about":[{"href":"https:\/\/hostnetart.com.br\/baixada\/wp-json\/wp\/v2\/types\/post"}],"author":[{"embeddable":true,"href":"https:\/\/hostnetart.com.br\/baixada\/wp-json\/wp\/v2\/users\/2"}],"replies":[{"embeddable":true,"href":"https:\/\/hostnetart.com.br\/baixada\/wp-json\/wp\/v2\/comments?post=12789"}],"version-history":[{"count":0,"href":"https:\/\/hostnetart.com.br\/baixada\/wp-json\/wp\/v2\/posts\/12789\/revisions"}],"wp:featuredmedia":[{"embeddable":true,"href":"https:\/\/hostnetart.com.br\/baixada\/wp-json\/wp\/v2\/media\/12788"}],"wp:attachment":[{"href":"https:\/\/hostnetart.com.br\/baixada\/wp-json\/wp\/v2\/media?parent=12789"}],"wp:term":[{"taxonomy":"category","embeddable":true,"href":"https:\/\/hostnetart.com.br\/baixada\/wp-json\/wp\/v2\/categories?post=12789"},{"taxonomy":"post_tag","embeddable":true,"href":"https:\/\/hostnetart.com.br\/baixada\/wp-json\/wp\/v2\/tags?post=12789"}],"curies":[{"name":"wp","href":"https:\/\/api.w.org\/{rel}","templated":true}]}}