{"id":12783,"date":"2022-07-07T18:08:49","date_gmt":"2022-07-07T21:08:49","guid":{"rendered":"https:\/\/hostnetart.com.br\/baixada\/previ-reduz-carencia-de-migracao-para-perfis-de-investimento\/"},"modified":"2022-07-07T18:08:49","modified_gmt":"2022-07-07T21:08:49","slug":"previ-reduz-carencia-de-migracao-para-perfis-de-investimento","status":"publish","type":"post","link":"https:\/\/hostnetart.com.br\/baixada\/previ-reduz-carencia-de-migracao-para-perfis-de-investimento\/","title":{"rendered":"Previ reduz car\u00eancia de migra\u00e7\u00e3o para perfis de investimento"},"content":{"rendered":"<p>A Caixa de Previd\u00eancia dos Funcion\u00e1rios do Banco do Brasil (Previ) anunciou a redu\u00e7\u00e3o de 12 para seis meses o per\u00edodo de car\u00eancia para a migra\u00e7\u00e3o entre os Perfis de Investimento, beneficiando diretamente os participantes do plano Previ Futuro.<\/p>\n<p>\u201cEssa demanda, pela redu\u00e7\u00e3o no per\u00edodo de car\u00eancia, j\u00e1 vinha sendo feita pelos trabalhadores do BB, associados \u00e0 Previ, sendo um compromisso assumido pelos diretores e conselheiros eleitos, com o apoio das entidades sindicais e representativas dos trabalhadores\u201d, destaca o coordenador da Comiss\u00e3o de Empresa dos Funcion\u00e1rios do Banco do Brasil (CEBB), Jo\u00e3o Fukunaga. \u201cA redu\u00e7\u00e3o do per\u00edodo de car\u00eancia ajuda a acelerar a decis\u00e3o da associada ou associado no planejamento da sua aposentadoria\u201d, completa.<\/p>\n<h3><strong>Assessoria previdenci\u00e1ria<\/strong><\/h3>\n<p>O diretor eleito de Seguridade da Previ, Wagner Nascimento, destacou que os associados t\u00eam \u00e0 disposi\u00e7\u00e3o uma assessoria para ajudar na escolha do perfil de investimento. \u201cTemos profissionais qualificados para ajudar os trabalhadores do BB que est\u00e3o no Previ Futuro a planejarem sua aposentadoria, para que possam fazer as melhores escolhas, de acordo com o perfil, com o objetivo de aumentar o valor dos benef\u00edcios futuros\u201d, explica.<\/p>\n<p>Atualmente, a Previ conta com oito perfis de investimento: quatro na categoria risco-alvo, em que as op\u00e7\u00f5es s\u00e3o entre maior e menor exposi\u00e7\u00e3o em renda vari\u00e1vel, e outros quatro, os chamados Ciclos de Vida, na categoria data-alvo, com base no per\u00edodo em que o associado pretende se aposentar (2030, 2040, 2050 ou 2060).<\/p>\n<p>\u201c\u00c9 importante destacar que nos perfis Ciclo de Vida a quantidade de investimentos em renda vari\u00e1vel \u00e9 feita pela pr\u00f3pria gest\u00e3o da Previ, de acordo com o tempo para aposentadoria indicado na escolha do perfil\u201d, ressalta Wagner.<\/p>\n<p><strong>Fonte: Contraf-CUT<\/strong><\/p>\n","protected":false},"excerpt":{"rendered":"<p>A Caixa de Previd\u00eancia dos Funcion\u00e1rios do Banco do Brasil (Previ) anunciou a redu\u00e7\u00e3o de 12 para seis meses o per\u00edodo de car\u00eancia para a migra\u00e7\u00e3o entre os Perfis de Investimento, beneficiando diretamente os participantes do plano Previ Futuro. \u201cEssa demanda, pela redu\u00e7\u00e3o no per\u00edodo de car\u00eancia, j\u00e1 vinha sendo feita pelos trabalhadores do BB, [&hellip;]<\/p>\n","protected":false},"author":2,"featured_media":12782,"comment_status":"","ping_status":"","sticky":false,"template":"","format":"standard","meta":{"footnotes":""},"categories":[3],"tags":[],"class_list":["post-12783","post","type-post","status-publish","format-standard","has-post-thumbnail","hentry","category-noticias"],"_links":{"self":[{"href":"https:\/\/hostnetart.com.br\/baixada\/wp-json\/wp\/v2\/posts\/12783","targetHints":{"allow":["GET"]}}],"collection":[{"href":"https:\/\/hostnetart.com.br\/baixada\/wp-json\/wp\/v2\/posts"}],"about":[{"href":"https:\/\/hostnetart.com.br\/baixada\/wp-json\/wp\/v2\/types\/post"}],"author":[{"embeddable":true,"href":"https:\/\/hostnetart.com.br\/baixada\/wp-json\/wp\/v2\/users\/2"}],"replies":[{"embeddable":true,"href":"https:\/\/hostnetart.com.br\/baixada\/wp-json\/wp\/v2\/comments?post=12783"}],"version-history":[{"count":0,"href":"https:\/\/hostnetart.com.br\/baixada\/wp-json\/wp\/v2\/posts\/12783\/revisions"}],"wp:featuredmedia":[{"embeddable":true,"href":"https:\/\/hostnetart.com.br\/baixada\/wp-json\/wp\/v2\/media\/12782"}],"wp:attachment":[{"href":"https:\/\/hostnetart.com.br\/baixada\/wp-json\/wp\/v2\/media?parent=12783"}],"wp:term":[{"taxonomy":"category","embeddable":true,"href":"https:\/\/hostnetart.com.br\/baixada\/wp-json\/wp\/v2\/categories?post=12783"},{"taxonomy":"post_tag","embeddable":true,"href":"https:\/\/hostnetart.com.br\/baixada\/wp-json\/wp\/v2\/tags?post=12783"}],"curies":[{"name":"wp","href":"https:\/\/api.w.org\/{rel}","templated":true}]}}