{"id":1278,"date":"2013-08-06T00:00:00","date_gmt":"2013-08-06T03:00:00","guid":{"rendered":"https:\/\/hostnetart.com.br\/baixada\/contraf-cut-repudia-corte-de-3-2-mil-empregos-em-um-ano-no-santander\/"},"modified":"2013-08-06T00:00:00","modified_gmt":"2013-08-06T03:00:00","slug":"contraf-cut-repudia-corte-de-3-2-mil-empregos-em-um-ano-no-santander","status":"publish","type":"post","link":"https:\/\/hostnetart.com.br\/baixada\/contraf-cut-repudia-corte-de-3-2-mil-empregos-em-um-ano-no-santander\/","title":{"rendered":"Contraf-CUT repudia corte de 3,2 mil empregos em um ano no Santander"},"content":{"rendered":"<p>Em negocia\u00e7\u00e3o realizada nesta sexta-feira (2) com o Santander, em S\u00e3o Paulo, a Contraf-CUT, federa\u00e7\u00f5es e sindicatos repudiaram as milhares de demiss\u00f5es e o corte de 3.216 empregos nos \u00faltimos 12 meses, sendo 2.290 no primeiro semestre deste ano, conforme balan\u00e7o divulgado na \u00faltima ter\u00e7a-feira (30). Os dirigentes sindicais tamb\u00e9m cobraram respostas das v\u00e1rias pend\u00eancias da \u00faltima reuni\u00e3o do Comit\u00ea de Rela\u00e7\u00f5es Trabalhistas (CRT).<\/p>\n<p>\u00a0<\/p>\n<p>\u00a0<\/p>\n<p><strong>Rotatividade e redu\u00e7\u00e3o de empregos<\/strong><\/p>\n<p>\u00a0<\/p>\n<p>O corte de vagas n\u00e3o se justifica. O banco obteve lucro de R$ 2,929 bilh\u00f5es no primeiro semestre. \u201cO fechamento de postos de trabalho est\u00e1 tamb\u00e9m na contram\u00e3o da economia brasileira, que vem criando empregos todos os meses\u201d, afirma o secret\u00e1rio de imprensa da Contraf-CUT, Ademir Wiederkehr. \u201cOnde est\u00e1 a contrapartida social do banco espanhol para a gera\u00e7\u00e3o de empregos e o desenvolvimento do pa\u00eds?\u201d, questiona o dirigente sindical.<\/p>\n<p>\u00a0<\/p>\n<p>\u201cEsse modelo de gest\u00e3o, baseado na redu\u00e7\u00e3o de custos, atrav\u00e9s da rotatividade e do corte de empregos, piorou ainda mais as condi\u00e7\u00f5es de trabalho, sobrecarregando e adoecendo muitos colegas e prejudicando o atendimento aos clientes\u201d, alerta o dirigente sindical.<\/p>\n<p>\u00a0<\/p>\n<p>N\u00e3o \u00e9 \u00e0 toa que o banco liderou pelo quinto m\u00eas consecutivo, em junho, o ranking de reclama\u00e7\u00f5es do Banco Central. \u201cO banco tem que parar de demitir. J\u00e1 est\u00e1 cortando no osso\u201d, compara Ademir.<\/p>\n<p>\u00a0<\/p>\n<p>\u00a0<\/p>\n<p><strong>Reestrutura\u00e7\u00e3o<\/strong><\/p>\n<p>\u00a0<\/p>\n<p>O banco trouxe alguns dados sobre a reestrutura\u00e7\u00e3o que est\u00e1 em andamento, informando a nova organiza\u00e7\u00e3o da vice-presid\u00eancia executiva de varejo, que envolve o alto escal\u00e3o. Duas diretorias de rede foram extintas em S\u00e3o Paulo, assim como as de Santa Catarina e Paran\u00e1, com a redistribui\u00e7\u00e3o das ag\u00eancias. Houve tamb\u00e9m fechamento de regionais.<\/p>\n<p>\u00a0<\/p>\n<p>Al\u00e9m disso, conforme o balan\u00e7o do primeiro semestre, o Santander extinguiu 12 ag\u00eancias e 19 PABs. Os representantes do banco disseram que 20 ag\u00eancias foram fusionadas no per\u00edodo, apontando que a reestrutura\u00e7\u00e3o ainda n\u00e3o acabou.<\/p>\n<p>\u00a0<\/p>\n<p>Os dirigentes sindicais cobraram a manuten\u00e7\u00e3o dos coordenadores nas ag\u00eancias. Muitos foram demitidos e hoje as fun\u00e7\u00f5es s\u00e3o assumidas pelos caixas, inclusive a guarda das chaves em v\u00e1rias unidades, o que \u00e9 ilegal e exp\u00f5e os colegas ao risco de sequestros.<\/p>\n<p>\u00a0<\/p>\n<p>\u201c\u00c9 imposs\u00edvel uma ag\u00eancia trabalhar sem coordenador porque acaba acontecendo do caixa ter de fazer esse trabalho. Al\u00e9m de ser ac\u00famulo de tarefa, caracteriza-se como desvio de fun\u00e7\u00e3o\u201d, critica a coordenadora da Comiss\u00e3o de Organiza\u00e7\u00e3o dos Empregados (COE) do Santander, Maria Rosani. \u201cEssas mudan\u00e7as est\u00e3o ligadas \u00e0 s\u00e9rie de demiss\u00f5es que o banco vem promovendo\u201d, denuncia.<\/p>\n<p>\u00a0<br \/>Os representantes do banco negaram que o cargo de coordenador est\u00e1 sendo extingo. Os dirigentes sindicais reivindicaram participa\u00e7\u00e3o no processo de reestrutura\u00e7\u00e3o para discutir o impacto para os trabalhadores.<\/p>\n<p>\u00a0<\/p>\n<p>\u201cN\u00e3o adianta dizer que o foco \u00e9 o cliente e o funcion\u00e1rio, enquanto o banco demite trabalhadores e os altos executivos ganham b\u00f4nus milion\u00e1rios\u201d, enfatiza a diretora executiva do Sindicato dos Banc\u00e1rios de S\u00e3o Paulo, Rita Berlota. \u201cH\u00e1 uma dist\u00e2ncia entre o discurso e a pr\u00e1tica\u201d, aponta.<\/p>\n<p>\u00a0<\/p>\n<p>\u00a0<\/p>\n<p><strong>Bolsas para estudo\u00a0<\/strong><\/p>\n<p>\u00a0<\/p>\n<p>O banco informou que das 2.500 bolsas previstas no acordo aditivo \u00e0 conven\u00e7\u00e3o coletiva foram concedidas 2.412, estando hoje 88 em aberto. No entanto, houve 298 pedidos n\u00e3o atendidos, muitos por falta de documentos, que ainda podem ser regularizados para completar as vagas pendentes.<\/p>\n<p>\u00a0<\/p>\n<p>Os dirigentes sindicais reivindicaram que as bolsas para primeira gradua\u00e7\u00e3o sejam ampliadas para segunda gradua\u00e7\u00e3o e p\u00f3s, propondo que essa discuss\u00e3o ocorra j\u00e1 ao final deste ano, para que os avan\u00e7os possam ser usufru\u00eddos pelos trabalhadores no primeiro semestre de 2014.<\/p>\n<p>\u00a0<\/p>\n<p>\u00a0<\/p>\n<p><strong>Caixas, estagi\u00e1rios e aprendizes\u00a0<\/strong><\/p>\n<p>\u00a0<\/p>\n<p>Al\u00e9m do comunicado j\u00e1 entregue anteriormente aos dirigentes sindicais sobre as atividades de caixa, onde consta a n\u00e3o exist\u00eancia de metas individuais para venda de produtos, o banco apresentou c\u00f3pia do manual de instru\u00e7\u00e3o sobre as tarefas de estagi\u00e1rios e aprendizes.<\/p>\n<p>\u00a0<\/p>\n<p>Clique\u00a0<a href=\"http:\/\/www.contrafcut.org.br\/download\/Arquivo\/1371111932.pdf\" target=\"_blank\" rel=\"noopener noreferrer\">aqui<\/a>\u00a0para ler o comunicado sobre as atividades de caixa.<\/p>\n<p>\u00a0<\/p>\n<p>\u201c\u00c9 vedado ao estagi\u00e1rio realizar venda de produtos comercializados na ag\u00eancia ou formalizar opera\u00e7\u00f5es banc\u00e1rias\u201d, afirma o manual. \u201cN\u00e3o \u00e9 permitido ao jovem aprendiz ter metas comerciais\u201d, estabelece.<\/p>\n<p>\u00a0<\/p>\n<p>\u201cSolicitamos a afixa\u00e7\u00e3o do comunicado sobre os caixas no quadro de avisos das ag\u00eancias, al\u00e9m de dar ci\u00eancia por escrito aos trabalhadores, uma vez que muitos ainda n\u00e3o sabem da nova orienta\u00e7\u00e3o do banco\u201d, afirma o secret\u00e1rio de rela\u00e7\u00f5es internacionais da Contraf-CUT, M\u00e1rio Raia.<\/p>\n<p>\u00a0<\/p>\n<p>\u00a0<\/p>\n<p><strong>Retirada das a\u00e7\u00f5es judiciais contra entidades sindicais<\/strong><\/p>\n<p>\u00a0<\/p>\n<p>Os dirigentes sindicais continuaram a discuss\u00e3o com o Santander sobre a retirada das a\u00e7\u00f5es judiciais movidas pelo banco contra a Contraf-CUT e v\u00e1rias federa\u00e7\u00f5es e sindicatos e a Afubesp. Novos debates ser\u00e3o realizados.<\/p>\n<p>\u00a0<\/p>\n<p>\u201cN\u00e3o aceitamos a tentativa do banco de calar a voz dos trabalhadores. \u00c9 preciso respeitar o direito de liberdade de express\u00e3o das entidades sindicais e valorizar o di\u00e1logo social e a mesa de negocia\u00e7\u00e3o para buscar solu\u00e7\u00f5es\u201d, destacou Ademir.<\/p>\n<p>\u00a0<\/p>\n<p>\u00a0<\/p>\n<p><strong>Call Center<\/strong><\/p>\n<p>\u00a0<\/p>\n<p>O Santander prometeu dar um retorno at\u00e9 o pr\u00f3ximo dia 16 sobre a proposta de acordo coletivo j\u00e1 enviada pelo movimento sindical.<br \/>Os representantes do banco reafirmaram o entendimento apresentado na reuni\u00e3o do CRT de que o funcion\u00e1rio ter\u00e1 direito ao intervalo de 20 minutos para lanche e 10 minutos para pausa dentro da jornada de trabalho, independente dos hor\u00e1rios de ida ao banheiro sempre que for preciso.<\/p>\n<p>\u00a0<\/p>\n<p>\u00a0<\/p>\n<p><strong>Funcion\u00e1rios estrangeiros<\/strong><\/p>\n<p>\u00a0<\/p>\n<p>Mais uma vez, o banco n\u00e3o apresentou n\u00fameros sobre o total de funcion\u00e1rios estrangeiros no Brasil, por\u00e9m negou que haja substitui\u00e7\u00e3o de brasileiros por trabalhadores de outros pa\u00edses.<\/p>\n<p>\u00a0<\/p>\n<p>\u201cQueremos informa\u00e7\u00f5es sobre os estrangeiros que trabalham aqui, bem como sobre os brasileiros que atuam em unidades do banco no exterior\u201d, salientou a diretora do Sindicato dos Banc\u00e1rios de S\u00e3o Paulo, Vera Marchioni.<\/p>\n<p>\u00a0<\/p>\n<p>\u00a0<\/p>\n<p><strong>Terceiriza\u00e7\u00e3o nas homologa\u00e7\u00f5es<\/strong><\/p>\n<p>\u00a0<\/p>\n<p>Os dirigentes sindicais voltaram a cobrar o fim da utiliza\u00e7\u00e3o de terceirizados como prepostos nas homologa\u00e7\u00f5es junto aos sindicatos. O banco ficou de analisar o problema.<\/p>\n<p>\u00a0<\/p>\n<p>\u201cSe n\u00e3o tem funcion\u00e1rio do banco para ser preposto, a solu\u00e7\u00e3o \u00e9 parar de demitir\u201d, ironizou o representante da Fetrafi-RS, Bino Koehler.<\/p>\n<p>\u00a0<\/p>\n<p>\u00a0<\/p>\n<p><strong>Pend\u00eancias<\/strong><\/p>\n<p>\u00a0<\/p>\n<p>O Santander n\u00e3o trouxe respostas para v\u00e1rias pend\u00eancias, como a redu\u00e7\u00e3o de juros e isen\u00e7\u00e3o de tarifas para funcion\u00e1rios na ativa e aposentados e a concess\u00e3o de uma folga no dia do anivers\u00e1rio. O banco tamb\u00e9m n\u00e3o apresentou data para a retomada do grupo de trabalho do SantanderPrevi.<\/p>\n<p>\u00a0<\/p>\n<p>Fonte: Contra-CUTcom Seeb S\u00e3o Paulo<\/p>\n","protected":false},"excerpt":{"rendered":"<p>Em negocia\u00e7\u00e3o realizada nesta sexta-feira (2) com o Santander, em S\u00e3o Paulo, a Contraf-CUT, federa\u00e7\u00f5es e sindicatos repudiaram as milhares de demiss\u00f5es e o corte de 3.216 empregos nos \u00faltimos 12 meses, sendo 2.290 no primeiro semestre deste ano, conforme balan\u00e7o divulgado na \u00faltima ter\u00e7a-feira (30). Os dirigentes sindicais tamb\u00e9m cobraram respostas das v\u00e1rias pend\u00eancias [&hellip;]<\/p>\n","protected":false},"author":1,"featured_media":0,"comment_status":"","ping_status":"","sticky":false,"template":"","format":"standard","meta":{"footnotes":""},"categories":[3],"tags":[],"class_list":["post-1278","post","type-post","status-publish","format-standard","hentry","category-noticias"],"_links":{"self":[{"href":"https:\/\/hostnetart.com.br\/baixada\/wp-json\/wp\/v2\/posts\/1278","targetHints":{"allow":["GET"]}}],"collection":[{"href":"https:\/\/hostnetart.com.br\/baixada\/wp-json\/wp\/v2\/posts"}],"about":[{"href":"https:\/\/hostnetart.com.br\/baixada\/wp-json\/wp\/v2\/types\/post"}],"author":[{"embeddable":true,"href":"https:\/\/hostnetart.com.br\/baixada\/wp-json\/wp\/v2\/users\/1"}],"replies":[{"embeddable":true,"href":"https:\/\/hostnetart.com.br\/baixada\/wp-json\/wp\/v2\/comments?post=1278"}],"version-history":[{"count":0,"href":"https:\/\/hostnetart.com.br\/baixada\/wp-json\/wp\/v2\/posts\/1278\/revisions"}],"wp:attachment":[{"href":"https:\/\/hostnetart.com.br\/baixada\/wp-json\/wp\/v2\/media?parent=1278"}],"wp:term":[{"taxonomy":"category","embeddable":true,"href":"https:\/\/hostnetart.com.br\/baixada\/wp-json\/wp\/v2\/categories?post=1278"},{"taxonomy":"post_tag","embeddable":true,"href":"https:\/\/hostnetart.com.br\/baixada\/wp-json\/wp\/v2\/tags?post=1278"}],"curies":[{"name":"wp","href":"https:\/\/api.w.org\/{rel}","templated":true}]}}