{"id":12779,"date":"2022-07-07T00:22:41","date_gmt":"2022-07-07T03:22:41","guid":{"rendered":"https:\/\/hostnetart.com.br\/baixada\/terceira-rodada-de-negociacao-da-campanha-nacional-obtem-avancos-no-combate-ao-assedio-sexual\/"},"modified":"2022-07-07T00:22:41","modified_gmt":"2022-07-07T03:22:41","slug":"terceira-rodada-de-negociacao-da-campanha-nacional-obtem-avancos-no-combate-ao-assedio-sexual","status":"publish","type":"post","link":"https:\/\/hostnetart.com.br\/baixada\/terceira-rodada-de-negociacao-da-campanha-nacional-obtem-avancos-no-combate-ao-assedio-sexual\/","title":{"rendered":"Terceira rodada de negocia\u00e7\u00e3o da Campanha Nacional obt\u00e9m avan\u00e7os no combate ao ass\u00e9dio sexual"},"content":{"rendered":"<p>Nesta quarta-feira, 6 de julho, o Comando Nacional dos Banc\u00e1rios se reuniu com a Federa\u00e7\u00e3o Nacional dos Bancos (Fenaban).\u00a0O tema da mesa foi Igualdade de Oportunidades, com o foco no combate ao ass\u00e9dio sexual.<\/p>\n<p>Esta\u00a0foi a\u00a0terceira rodada de negocia\u00e7\u00e3o da Campanha Nacional 2022 da categoria, ap\u00f3s a entrega da minuta de reivindica\u00e7\u00f5es.<\/p>\n<p>O comando apresentou, sem citar o nome de v\u00edtimas, v\u00e1rios casos de ass\u00e9dio relatados aos sindicatos. Em muitos deles, os assediadores foram protegidos pelos superiores e as v\u00edtimas, caladas ou at\u00e9 punidas com transfer\u00eancias.<\/p>\n<p>Levantamento feito pelo Think Eva e pelo Linkedin, chamado \u201cAss\u00e9dio no contexto do mundo corporativo\u201d, no in\u00edcio de 2020, aponta que menos 47,12% das participantes que responderam \u00e0 pesquisa afirmaram ter sido v\u00edtima de ass\u00e9dio sexual em algum momento. A pesquisa apontou, ainda, que 78% das v\u00edtimas de ass\u00e9dio se sentem constrangidas em denunciar os abusos, por entenderem que h\u00e1 impunidade.<\/p>\n<p>Pela proposta do Comando, as empresas dever\u00e3o se dedicar:<\/p>\n<p>(1) \u00e0 divulga\u00e7\u00e3o de cartilhas para o combate ao ass\u00e9dio sexual, promovendo a forma\u00e7\u00e3o do quadro sobre o tema e fornecendo mecanismos de apura\u00e7\u00e3o a todas as den\u00fancias de abusos contra funcion\u00e1rias e funcion\u00e1rios;<\/p>\n<p>(2) ao acolhimento das den\u00fancias e apura\u00e7\u00e3o bipartite, banco e sindicato;<\/p>\n<p>(3) \u00e0 prote\u00e7\u00e3o e assist\u00eancia \u00e0s v\u00edtimas, com per\u00edodo de estabilidade e transfer\u00eancia, quando necess\u00e1rio para a garantia do bem-estar da v\u00edtima;<\/p>\n<p>(4) e \u00e0 puni\u00e7\u00e3o r\u00edgida dos culpados.<\/p>\n<p>Caber\u00e1 \u00e0 empresa coibir situa\u00e7\u00f5es constrangedoras, humilhantes, vexat\u00f3rias e discriminat\u00f3rias, promovidas por superior hier\u00e1rquico ou qualquer outro empregado no ambiente de trabalho. Em casos denunciados e reconhecidos pela empresa, todas as despesas m\u00e9dicas dever\u00e3o ser reembolsadas ao empregado pelo banco.<\/p>\n<p>Ap\u00f3s a apresenta\u00e7\u00e3o das demandas do Comando, os bancos pediram uma pausa, e ao retornarem garantiram que ir\u00e3o priorizar o tema na negocia\u00e7\u00e3o deste ano, com o compromisso de avan\u00e7ar no combate ao ass\u00e9dio sexual, em especial com o aperfei\u00e7oamento de ferramentas de preven\u00e7\u00e3o aos abusos no ambiente de trabalho.<\/p>\n<p>O Comando apresentou a exig\u00eancia da categoria nas a\u00e7\u00f5es para eliminar desigualdades no local de trabalho e prevenir distor\u00e7\u00f5es atuais, em busca da equidade em todos os segmentos. A entidade tamb\u00e9m cobrou que seja reafirmado, por parte das empresas, o compromisso de n\u00e3o discrimina\u00e7\u00e3o, de respeito e da promo\u00e7\u00e3o de n\u00e3o discrimina\u00e7\u00e3o por ra\u00e7a, cor, g\u00eanero, idade ou orienta\u00e7\u00e3o sexual, no trabalho banc\u00e1rio.<\/p>\n<p>As demandas da categoria banc\u00e1ria requerem a plena inclus\u00e3o e integra\u00e7\u00e3o de trabalhadores e trabalhadoras com defici\u00eancia, combate \u00e0 sua discrimina\u00e7\u00e3o e a garantia de seu trabalho em condi\u00e7\u00f5es dignas e com respeito a suas limita\u00e7\u00f5es ou recomenda\u00e7\u00f5es m\u00e9dicas.<\/p>\n<p>Entre as a\u00e7\u00f5es necess\u00e1rias para o cumprimento da cl\u00e1usula, est\u00e3o cursos de forma\u00e7\u00e3o, conhecimento de Libras por pelo menos um funcion\u00e1rio por setor, promo\u00e7\u00e3o de acessibilidade universal, subs\u00eddio a aquisi\u00e7\u00e3o de seus equipamentos (cadeiras de roda, muletas, pr\u00f3tese, bengala, \u00f3culos, aparelho auditivo, \u00f3rteses) e a concess\u00e3o de transporte especial e de financiamento de ve\u00edculo.<\/p>\n<p>Ap\u00f3s todas as reuni\u00f5es, a comiss\u00e3o da Fenaban levar\u00e1 aos bancos as propostas do Comando. Ao final, ser\u00e1 apresentada uma proposta global, com todos os temas em negocia\u00e7\u00e3o.<\/p>\n<p>O Comando ainda cobrou posicionamento contr\u00e1rio da Fenaban \u00e0 Medida Provis\u00f3ria n\u00ba 1116. Acontece nesta quinta-feira (7), a partir das 14h, uma audi\u00eancia no Congresso para debater a MP, que prejudica o acesso aos jovens e reduz direitos das mulheres no mercado de trabalho.\u00a0<\/p>\n<p><span style=\"text-decoration: underline;\"><strong>Calend\u00e1rio de reuni\u00f5es<\/strong><\/span><\/p>\n<p>Sexta-feira, 22 de julho: Cl\u00e1usulas Sociais e Teletrabalho<\/p>\n<p>Quinta-feira, 28 de julho: Cl\u00e1usulas Sociais e Seguran\u00e7a Banc\u00e1ria<\/p>\n<p>Segunda-feira, 1\u00ba de agosto: Sa\u00fade e Condi\u00e7\u00f5es de Trabalho<\/p>\n<p>Quarta-feira, 3 de agosto: Cl\u00e1usulas Econ\u00f4micas<\/p>\n<p>Quinta-feira, 11 de agosto: Continua\u00e7\u00e3o das Cl\u00e1usulas Econ\u00f4micas<\/p>\n<p><em>*Com informa\u00e7\u00f5es da Contraf-CUT e da Fetraf RJ\/ES<\/em><\/p>\n<p>\u00a0<\/p>\n","protected":false},"excerpt":{"rendered":"<p>Nesta quarta-feira, 6 de julho, o Comando Nacional dos Banc\u00e1rios se reuniu com a Federa\u00e7\u00e3o Nacional dos Bancos (Fenaban).\u00a0O tema da mesa foi Igualdade de Oportunidades, com o foco no combate ao ass\u00e9dio sexual. Esta\u00a0foi a\u00a0terceira rodada de negocia\u00e7\u00e3o da Campanha Nacional 2022 da categoria, ap\u00f3s a entrega da minuta de reivindica\u00e7\u00f5es. O comando apresentou, [&hellip;]<\/p>\n","protected":false},"author":2,"featured_media":12778,"comment_status":"","ping_status":"","sticky":false,"template":"","format":"standard","meta":{"footnotes":""},"categories":[3],"tags":[],"class_list":["post-12779","post","type-post","status-publish","format-standard","has-post-thumbnail","hentry","category-noticias"],"_links":{"self":[{"href":"https:\/\/hostnetart.com.br\/baixada\/wp-json\/wp\/v2\/posts\/12779","targetHints":{"allow":["GET"]}}],"collection":[{"href":"https:\/\/hostnetart.com.br\/baixada\/wp-json\/wp\/v2\/posts"}],"about":[{"href":"https:\/\/hostnetart.com.br\/baixada\/wp-json\/wp\/v2\/types\/post"}],"author":[{"embeddable":true,"href":"https:\/\/hostnetart.com.br\/baixada\/wp-json\/wp\/v2\/users\/2"}],"replies":[{"embeddable":true,"href":"https:\/\/hostnetart.com.br\/baixada\/wp-json\/wp\/v2\/comments?post=12779"}],"version-history":[{"count":0,"href":"https:\/\/hostnetart.com.br\/baixada\/wp-json\/wp\/v2\/posts\/12779\/revisions"}],"wp:featuredmedia":[{"embeddable":true,"href":"https:\/\/hostnetart.com.br\/baixada\/wp-json\/wp\/v2\/media\/12778"}],"wp:attachment":[{"href":"https:\/\/hostnetart.com.br\/baixada\/wp-json\/wp\/v2\/media?parent=12779"}],"wp:term":[{"taxonomy":"category","embeddable":true,"href":"https:\/\/hostnetart.com.br\/baixada\/wp-json\/wp\/v2\/categories?post=12779"},{"taxonomy":"post_tag","embeddable":true,"href":"https:\/\/hostnetart.com.br\/baixada\/wp-json\/wp\/v2\/tags?post=12779"}],"curies":[{"name":"wp","href":"https:\/\/api.w.org\/{rel}","templated":true}]}}