{"id":12777,"date":"2022-07-06T14:39:51","date_gmt":"2022-07-06T17:39:51","guid":{"rendered":"https:\/\/hostnetart.com.br\/baixada\/bancarios-conseguem-barrar-debate-sobre-abertura-dos-bancos-aos-sabados-e-domingos\/"},"modified":"2022-07-06T14:39:51","modified_gmt":"2022-07-06T17:39:51","slug":"bancarios-conseguem-barrar-debate-sobre-abertura-dos-bancos-aos-sabados-e-domingos","status":"publish","type":"post","link":"https:\/\/hostnetart.com.br\/baixada\/bancarios-conseguem-barrar-debate-sobre-abertura-dos-bancos-aos-sabados-e-domingos\/","title":{"rendered":"Banc\u00e1rios conseguem barrar debate sobre abertura dos bancos aos s\u00e1bados e domingos"},"content":{"rendered":"<p>O presidente da Comiss\u00e3o de Defesa do Consumidor (CDC), da C\u00e2mara dos Deputados, deputado S\u00edlvio Costa Filho, decidiu que o Projeto de Lei (PL) 1043\/2019, que libera a abertura dos bancos aos s\u00e1bados e domingos, somente voltar\u00e1 a ser debatido e encaminhado \u00e0 vota\u00e7\u00e3o ap\u00f3s o per\u00edodo eleitoral. A delibera\u00e7\u00e3o ocorreu nesta quarta-feira (6), ao final de audi\u00eancia sobre a mat\u00e9ria, realizada a pedido da Confedera\u00e7\u00e3o Nacional dos Trabalhadores do Ramo Financeiro (Contraf-CUT) e demais entidades sindicais.<\/p>\n<p>\u201cNossa avalia\u00e7\u00e3o \u00e9 que n\u00f3s, banc\u00e1rios e banc\u00e1rias, sa\u00edmos vitoriosos, tanto pela realiza\u00e7\u00e3o da audi\u00eancia, onde conseguimos expor todos os problemas relacionados a esse projeto de lei, quanto com a decis\u00e3o do deputado e presidente da Comiss\u00e3o em paralisar o debate\u201d, destaca a presidenta da Contraf-CUT, Juvandia Moreira.<\/p>\n<p>O deputado Ivan Valente (PSOL-SP), que atendeu a solicita\u00e7\u00e3o do movimento sindical e requereu a audi\u00eancia, concluiu sua fala na reuni\u00e3o afirmando que ir\u00e1 conversar com o relator do PL, deputado Eli Corr\u00eaa Filho (Uni\u00e3o-SP), e com o autor, David Soares (Uni\u00e3o-SP), para que a mat\u00e9ria seja arquivada definitivamente. \u201cA quest\u00e3o de abertura de ag\u00eancias aos finais de semana deveria ser uma discuss\u00e3o de mesa de negocia\u00e7\u00e3o, entre os representantes sindicais e os bancos. Por que querem que seja discutida aqui [no Congresso], como uma quest\u00e3o de lei? Por uma raz\u00e3o muito simples: para os trabalhadores n\u00e3o terem mais o direito de discutir direitos, horas extras e permitir que o empregador fa\u00e7a o que quiser\u201d, ponderou ainda o parlamentar.<\/p>\n<p>\u201cQuando o pr\u00f3prio representante da Febraban diz que maioria absoluta das opera\u00e7\u00f5es banc\u00e1rias j\u00e1 s\u00e3o feitas pela internet, ele mesmo destr\u00f3i o argumento em favor do Projeto de Lei (PL) 1043\/2019, que libera abertura dos bancos aos s\u00e1bados e domingos. O PL 1043 n\u00e3o contribuir\u00e1 para a gera\u00e7\u00e3o de mais empregos e atendimento ao consumidor. E os n\u00fameros comprovam: hoje, apenas 3% das transa\u00e7\u00f5es s\u00e3o feitas nos postos f\u00edsicos. Tivemos uma audi\u00eancia muito rica. As entidades sindicais vieram com dados consistentes e deixaram claro que o projeto \u00e9 invi\u00e1vel\u201d, exp\u00f4s Ivan Valente.<\/p>\n<h3><strong>Campanha Arquiva PL 1043<\/strong><\/h3>\n<p>\u201cTamb\u00e9m vamos dialogar e fazer press\u00e3o com o autor do projeto, pelo arquivamento definitivo do PL\u201d, destacou o secret\u00e1rio de Rela\u00e7\u00f5es do Trabalho e respons\u00e1vel pelo acompanhamento de quest\u00f5es de interesse da categoria no Congresso Nacional pela Contraf-CUT, Jeferson Meira, o Jef\u00e3o. \u201cVamos criar tamb\u00e9m a campanha \u2018Arquiva PL 1043\u2019. O resultado de hoje foi uma vit\u00f3ria da Contraf-CUT e demais entidades sindicais que, de forma brilhante, discorreram sobre o trabalho aos s\u00e1bados e domingos, desmanchando os argumentos da Febraban\u201d, completou.<\/p>\n<h3><strong>Popula\u00e7\u00e3o discorda de PL<\/strong><\/h3>\n<p>Juvandia Moreira destacou o resultado de\u00a0<a href=\"https:\/\/forms.camara.leg.br\/ex\/enquetes\/2192746\/resultado\" target=\"_blank\" rel=\"noopener noreferrer\">enquete realizada, junto \u00e0 popula\u00e7\u00e3o, pela pr\u00f3pria C\u00e2mara dos Deputados, sobre a mat\u00e9ria: 97% disseram discordar totalmente do PL 10 43<\/a>.<\/p>\n<p>\u201cHoje, 42% dos munic\u00edpios n\u00e3o t\u00eam ag\u00eancias banc\u00e1rias, 77% das fam\u00edlias est\u00e3o endividadas e um ter\u00e7o desse endividamento \u00e9 relacionado ao setor financeiro, que cobra juros de mais de 300% ao ano. Esse deveria ser o debate para melhorar o sistema banc\u00e1rio brasileiro e n\u00e3o tirar os fins de semana dos banc\u00e1rios, categoria que tem como principal causa de adoecimento (1\/3) transtornos mentais, s\u00edndrome do p\u00e2nico, decorrentes do ass\u00e9dio moral como forma de gest\u00e3o\u201d.<\/p>\n<p>O representante do Conselho Diretor do Grupo Executivo Nacional da Agenda Legislativa das Centrais Sindicais (GEAL), Alexandre Caso, frisou que o projeto n\u00e3o nasceu para atender a popula\u00e7\u00e3o e nem aumentar o atendimento aos clientes: \u201cOs bancos j\u00e1 trabalham 7 dias por semana, 24h, e apenas 3% das transa\u00e7\u00f5es s\u00e3o realizadas dentro das ag\u00eancias f\u00edsicas. A grande maioria das opera\u00e7\u00f5es banc\u00e1rias s\u00e3o feitas pelos canais digitais ou pelos correspondentes banc\u00e1rios (lot\u00e9ricas e Correios)\u201d.<\/p>\n<p>O diretor de Comunica\u00e7\u00e3o e Imprensa da Federa\u00e7\u00e3o Nacional das Associa\u00e7\u00f5es do Pessoal da Caixa Econ\u00f4mica Federal (Fenae), Moacir Carneiro da Costa, lembrou que os bancos t\u00eam diminu\u00eddo o n\u00famero de empregados e ag\u00eancias, nos \u00faltimos anos: \u201cNa Caixa, em 2014, t\u00ednhamos 575 clientes por empregado; hoje s\u00e3o mais de 1.700 clientes por empregado. A abertura de ag\u00eancias nos fins de semana \u00e9 para vender mais produtos, sobrecarregando os atuais empregados. N\u00e3o h\u00e1 interesse em gerar empregos\u201d, frisou.<\/p>\n<p>A presidenta do Sindicato dos Banc\u00e1rios e Financi\u00e1rios de S\u00e3o Paulo, Osasco e Regi\u00e3o (Seeb\/SP), Ivone Silva, destacou a quest\u00e3o da sa\u00fade: \u201cConsulta realizada por n\u00f3s, para subsidiar a Campanha Nacional, mostra aumento surpreendente no adoecimento dos banc\u00e1rios: 77% dos que responderam \u00e0 pesquisa disseram sentir muita fadiga e preocupa\u00e7\u00e3o constante com a quest\u00e3o do emprego; 35% deles afirmaram utilizar medicamentos controlados. Existe uma forte press\u00e3o dentro dos locais de trabalho. O final de semana \u00e9 necess\u00e1rio para descansar, para o lazer e para a fam\u00edlia\u201d, arrematou.<\/p>\n<p><strong>Fonte: Contraf-CUT<\/strong><\/p>\n<p>\u00a0<\/p>\n","protected":false},"excerpt":{"rendered":"<p>O presidente da Comiss\u00e3o de Defesa do Consumidor (CDC), da C\u00e2mara dos Deputados, deputado S\u00edlvio Costa Filho, decidiu que o Projeto de Lei (PL) 1043\/2019, que libera a abertura dos bancos aos s\u00e1bados e domingos, somente voltar\u00e1 a ser debatido e encaminhado \u00e0 vota\u00e7\u00e3o ap\u00f3s o per\u00edodo eleitoral. A delibera\u00e7\u00e3o ocorreu nesta quarta-feira (6), ao [&hellip;]<\/p>\n","protected":false},"author":2,"featured_media":12776,"comment_status":"","ping_status":"","sticky":false,"template":"","format":"standard","meta":{"footnotes":""},"categories":[3],"tags":[],"class_list":["post-12777","post","type-post","status-publish","format-standard","has-post-thumbnail","hentry","category-noticias"],"_links":{"self":[{"href":"https:\/\/hostnetart.com.br\/baixada\/wp-json\/wp\/v2\/posts\/12777","targetHints":{"allow":["GET"]}}],"collection":[{"href":"https:\/\/hostnetart.com.br\/baixada\/wp-json\/wp\/v2\/posts"}],"about":[{"href":"https:\/\/hostnetart.com.br\/baixada\/wp-json\/wp\/v2\/types\/post"}],"author":[{"embeddable":true,"href":"https:\/\/hostnetart.com.br\/baixada\/wp-json\/wp\/v2\/users\/2"}],"replies":[{"embeddable":true,"href":"https:\/\/hostnetart.com.br\/baixada\/wp-json\/wp\/v2\/comments?post=12777"}],"version-history":[{"count":0,"href":"https:\/\/hostnetart.com.br\/baixada\/wp-json\/wp\/v2\/posts\/12777\/revisions"}],"wp:featuredmedia":[{"embeddable":true,"href":"https:\/\/hostnetart.com.br\/baixada\/wp-json\/wp\/v2\/media\/12776"}],"wp:attachment":[{"href":"https:\/\/hostnetart.com.br\/baixada\/wp-json\/wp\/v2\/media?parent=12777"}],"wp:term":[{"taxonomy":"category","embeddable":true,"href":"https:\/\/hostnetart.com.br\/baixada\/wp-json\/wp\/v2\/categories?post=12777"},{"taxonomy":"post_tag","embeddable":true,"href":"https:\/\/hostnetart.com.br\/baixada\/wp-json\/wp\/v2\/tags?post=12777"}],"curies":[{"name":"wp","href":"https:\/\/api.w.org\/{rel}","templated":true}]}}