{"id":12775,"date":"2022-07-06T14:36:04","date_gmt":"2022-07-06T17:36:04","guid":{"rendered":"https:\/\/hostnetart.com.br\/baixada\/sindicato-dos-bancarios-da-baixada-fluminense-da-suporte-a-agencia-que-sofreu-tentativa-de-assalto-em-sao-joao-de-meriti-2\/"},"modified":"2022-07-06T14:36:04","modified_gmt":"2022-07-06T17:36:04","slug":"sindicato-dos-bancarios-da-baixada-fluminense-da-suporte-a-agencia-que-sofreu-tentativa-de-assalto-em-sao-joao-de-meriti-2","status":"publish","type":"post","link":"https:\/\/hostnetart.com.br\/baixada\/sindicato-dos-bancarios-da-baixada-fluminense-da-suporte-a-agencia-que-sofreu-tentativa-de-assalto-em-sao-joao-de-meriti-2\/","title":{"rendered":"Sindicato dos Banc\u00e1rios da Baixada Fluminense d\u00e1 suporte \u00e0 ag\u00eancia que sofreu tentativa de assalto em S\u00e3o Jo\u00e3o de Meriti"},"content":{"rendered":"<div class=\"mc-column content-text active-extra-styles \" data-block-type=\"unstyled\" data-block-weight=\"31\" data-block-id=\"2\">\n<p class=\"content-text__container \" data-track-category=\"Link no Texto\" data-track-links=\"\">Nesta \u00faltima ter\u00e7a-feira, 5 de julho, um\u00a0homem morreu durante uma tentativa de assalto na ag\u00eancia 8984 do Banco Ita\u00fa, em Vilar dos Teles, S\u00e3o Jo\u00e3o de Meriti,\u00a0Baixada Fluminense.<\/p>\n<\/div>\n<div class=\"wall protected-content\">\n<div class=\"mc-column content-text active-extra-styles \" data-block-type=\"unstyled\" data-block-weight=\"40\" data-block-id=\"3\">\n<p class=\"content-text__container \" data-track-category=\"Link no Texto\" data-track-links=\"\">Segundo a PM, um policial militar estava em atendimento na ag\u00eancia e reagiu ao an\u00fancio de assalto por tr\u00eas pessoas. Em troca de tiros, um suspeito foi baleado e morreu no local.\u00a0<\/p>\n<p class=\"content-text__container \" data-track-category=\"Link no Texto\" data-track-links=\"\"><strong>SUPORTE DO SINDICATO<\/strong><\/p>\n<p class=\"content-text__container \" data-track-category=\"Link no Texto\" data-track-links=\"\">O Diretor do Sindicato dos Banc\u00e1rios da Baixada Fluminense, Ricardo S\u00e1, esteve na ag\u00eancia, conversou com funcion\u00e1rios e colocou a entidade \u00e0 disposi\u00e7\u00e3o dos trabalhadores.<\/p>\n<p class=\"content-text__container \" data-track-category=\"Link no Texto\" data-track-links=\"\">Hoje, quinta-feira (6), o dirigente sindical voltou ao local, acompanhado do Diretor Jo\u00e3o Marcelo, onde se certificaram sobre as condi\u00e7\u00f5es de trabalho, se a abertura e o funcionamento da ag\u00eancia ocorreram de acordo com as normas de seguran\u00e7a necess\u00e1rias.\u00a0<\/p>\n<p class=\"content-text__container \" data-track-category=\"Link no Texto\" data-track-links=\"\">Al\u00e9m disso, foram informados que o banco disponibilizou seu departamento de sa\u00fade para funcion\u00e1rios e funcion\u00e1rias.<\/p>\n<\/div>\n<\/div>\n","protected":false},"excerpt":{"rendered":"<p>Nesta \u00faltima ter\u00e7a-feira, 5 de julho, um\u00a0homem morreu durante uma tentativa de assalto na ag\u00eancia 8984 do Banco Ita\u00fa, em Vilar dos Teles, S\u00e3o Jo\u00e3o de Meriti,\u00a0Baixada Fluminense. Segundo a PM, um policial militar estava em atendimento na ag\u00eancia e reagiu ao an\u00fancio de assalto por tr\u00eas pessoas. Em troca de tiros, um suspeito foi [&hellip;]<\/p>\n","protected":false},"author":2,"featured_media":12774,"comment_status":"","ping_status":"","sticky":false,"template":"","format":"standard","meta":{"footnotes":""},"categories":[3],"tags":[],"class_list":["post-12775","post","type-post","status-publish","format-standard","has-post-thumbnail","hentry","category-noticias"],"_links":{"self":[{"href":"https:\/\/hostnetart.com.br\/baixada\/wp-json\/wp\/v2\/posts\/12775","targetHints":{"allow":["GET"]}}],"collection":[{"href":"https:\/\/hostnetart.com.br\/baixada\/wp-json\/wp\/v2\/posts"}],"about":[{"href":"https:\/\/hostnetart.com.br\/baixada\/wp-json\/wp\/v2\/types\/post"}],"author":[{"embeddable":true,"href":"https:\/\/hostnetart.com.br\/baixada\/wp-json\/wp\/v2\/users\/2"}],"replies":[{"embeddable":true,"href":"https:\/\/hostnetart.com.br\/baixada\/wp-json\/wp\/v2\/comments?post=12775"}],"version-history":[{"count":0,"href":"https:\/\/hostnetart.com.br\/baixada\/wp-json\/wp\/v2\/posts\/12775\/revisions"}],"wp:featuredmedia":[{"embeddable":true,"href":"https:\/\/hostnetart.com.br\/baixada\/wp-json\/wp\/v2\/media\/12774"}],"wp:attachment":[{"href":"https:\/\/hostnetart.com.br\/baixada\/wp-json\/wp\/v2\/media?parent=12775"}],"wp:term":[{"taxonomy":"category","embeddable":true,"href":"https:\/\/hostnetart.com.br\/baixada\/wp-json\/wp\/v2\/categories?post=12775"},{"taxonomy":"post_tag","embeddable":true,"href":"https:\/\/hostnetart.com.br\/baixada\/wp-json\/wp\/v2\/tags?post=12775"}],"curies":[{"name":"wp","href":"https:\/\/api.w.org\/{rel}","templated":true}]}}