{"id":12773,"date":"2022-07-06T14:01:07","date_gmt":"2022-07-06T17:01:07","guid":{"rendered":"https:\/\/hostnetart.com.br\/baixada\/audiencia-sobre-trabalho-bancario-nos-fins-de-semana-ocorre-nesta-quarta-6\/"},"modified":"2022-07-06T14:01:07","modified_gmt":"2022-07-06T17:01:07","slug":"audiencia-sobre-trabalho-bancario-nos-fins-de-semana-ocorre-nesta-quarta-6","status":"publish","type":"post","link":"https:\/\/hostnetart.com.br\/baixada\/audiencia-sobre-trabalho-bancario-nos-fins-de-semana-ocorre-nesta-quarta-6\/","title":{"rendered":"Audi\u00eancia sobre trabalho banc\u00e1rio nos fins de semana ocorre nesta quarta (6)"},"content":{"rendered":"<p>A Comiss\u00e3o de Defesa do Consumidor (CDC) da C\u00e2mara dos Deputados, est\u00e1 debatendo nesta quarta-feira, 6 de julho, o Projeto de Lei (PL) 1043\/2019, de autoria do deputado David Soares (Uni\u00e3o-SP), que libera a abertura dos bancos aos s\u00e1bados e domingos.<\/p>\n<p>A proposta j\u00e1 teve parecer favor\u00e1vel do relator, deputado Eli Corr\u00eaa Filho (Uni\u00e3o-SP), que em seu substitutivo, fundamentou sua defesa ao PL em nome da \u201clivre concorr\u00eancia\u201d.<\/p>\n<p>Corr\u00eaa Filho possui hist\u00f3rico de \u201cinimigo da categoria e aliado dos bancos\u201d j\u00e1 que, pouco antes de assumir a relatoria do PL 1043, apresentou na Comiss\u00e3o de Trabalho, Administra\u00e7\u00e3o e Servi\u00e7o P\u00fablico, uma emenda em que ataca o direito de greve em institui\u00e7\u00f5es financeiras, citando inclusive a lei antiterrorista para refor\u00e7ar sua a\u00e7\u00e3o contra a categoria.<\/p>\n<p>O Movimento Sindical Banc\u00e1rio avalia que o PL se trata de lobby, visando apenas o lucro dos bancos, desconsiderando os interesses de clientes e da categoria banc\u00e1ria, al\u00e9m de atuar contra o avan\u00e7o do PL, desde que a proposta foi apresentada da C\u00e2mara dos Deputados.<\/p>\n<p>Entre os convidados para a audi\u00eancia, est\u00e1 a Presidenta da\u00a0Confedera\u00e7\u00e3o Nacional dos Trabalhadores do Ramo Financeiro (Contraf-CUT), Juvandia Moreira.<\/p>\n<p><strong>IMPORTANTE:<\/strong>\u00a0A C\u00e2mara dos Deputados tem uma enquete, onde\u00a0qualquer cidad\u00e3o\u00a0pode votar e se manifestar sobre o PL 1043, dizendo qual sua posi\u00e7\u00e3o sobre o funcionamento das institui\u00e7\u00f5es financeiras aos s\u00e1bados e domingos.<\/p>\n<p>Para votar, acesse:\u00a0<a href=\"https:\/\/forms.camara.leg.br\/ex\/enquetes\/2192746\" target=\"_blank\" rel=\"noopener noreferrer\">enquete\u00a0<em>online<\/em><\/a><\/p>\n<p>\u00a0<\/p>\n","protected":false},"excerpt":{"rendered":"<p>A Comiss\u00e3o de Defesa do Consumidor (CDC) da C\u00e2mara dos Deputados, est\u00e1 debatendo nesta quarta-feira, 6 de julho, o Projeto de Lei (PL) 1043\/2019, de autoria do deputado David Soares (Uni\u00e3o-SP), que libera a abertura dos bancos aos s\u00e1bados e domingos. A proposta j\u00e1 teve parecer favor\u00e1vel do relator, deputado Eli Corr\u00eaa Filho (Uni\u00e3o-SP), que [&hellip;]<\/p>\n","protected":false},"author":2,"featured_media":12772,"comment_status":"","ping_status":"","sticky":false,"template":"","format":"standard","meta":{"footnotes":""},"categories":[3],"tags":[],"class_list":["post-12773","post","type-post","status-publish","format-standard","has-post-thumbnail","hentry","category-noticias"],"_links":{"self":[{"href":"https:\/\/hostnetart.com.br\/baixada\/wp-json\/wp\/v2\/posts\/12773","targetHints":{"allow":["GET"]}}],"collection":[{"href":"https:\/\/hostnetart.com.br\/baixada\/wp-json\/wp\/v2\/posts"}],"about":[{"href":"https:\/\/hostnetart.com.br\/baixada\/wp-json\/wp\/v2\/types\/post"}],"author":[{"embeddable":true,"href":"https:\/\/hostnetart.com.br\/baixada\/wp-json\/wp\/v2\/users\/2"}],"replies":[{"embeddable":true,"href":"https:\/\/hostnetart.com.br\/baixada\/wp-json\/wp\/v2\/comments?post=12773"}],"version-history":[{"count":0,"href":"https:\/\/hostnetart.com.br\/baixada\/wp-json\/wp\/v2\/posts\/12773\/revisions"}],"wp:featuredmedia":[{"embeddable":true,"href":"https:\/\/hostnetart.com.br\/baixada\/wp-json\/wp\/v2\/media\/12772"}],"wp:attachment":[{"href":"https:\/\/hostnetart.com.br\/baixada\/wp-json\/wp\/v2\/media?parent=12773"}],"wp:term":[{"taxonomy":"category","embeddable":true,"href":"https:\/\/hostnetart.com.br\/baixada\/wp-json\/wp\/v2\/categories?post=12773"},{"taxonomy":"post_tag","embeddable":true,"href":"https:\/\/hostnetart.com.br\/baixada\/wp-json\/wp\/v2\/tags?post=12773"}],"curies":[{"name":"wp","href":"https:\/\/api.w.org\/{rel}","templated":true}]}}