{"id":12763,"date":"2022-07-04T19:06:10","date_gmt":"2022-07-04T22:06:10","guid":{"rendered":"https:\/\/hostnetart.com.br\/baixada\/campanha-nacional-igualdade-de-oportunidades-e-tema-de-reuniao-com-fenaban\/"},"modified":"2022-07-04T19:06:10","modified_gmt":"2022-07-04T22:06:10","slug":"campanha-nacional-igualdade-de-oportunidades-e-tema-de-reuniao-com-fenaban","status":"publish","type":"post","link":"https:\/\/hostnetart.com.br\/baixada\/campanha-nacional-igualdade-de-oportunidades-e-tema-de-reuniao-com-fenaban\/","title":{"rendered":"Campanha Nacional: igualdade de oportunidades \u00e9 tema de reuni\u00e3o com Fenaban"},"content":{"rendered":"<p>O Comando Nacional dos Banc\u00e1rios se re\u00fane, nesta quarta-feira (6), com a Federa\u00e7\u00e3o Nacional dos Bancos (Fenaban), para entrega das propostas de Igualdade e Oportunidade, como parte das negocia\u00e7\u00f5es da Campanha Nacional de 2022.<\/p>\n<p>Pela agenda definida anteriormente, nessa data os temas debatidos seriam as Cl\u00e1usulas Sociais e Seguran\u00e7a Banc\u00e1ria. Mas a queda do presidente da Caixa, Pedro Guimar\u00e3es em meio a den\u00fancias de ass\u00e9dio sexual cometido contra trabalhadoras do banco, trouxe a necessidade de se antecipar a discuss\u00e3o sobre Igualdade de Oportunidades, com destaque para o combate a toda forma de abuso no ambiente de trabalho.<\/p>\n<p>\u201cAs den\u00fancias de ass\u00e9dio sexual trazidas pela imprensa s\u00e3o muito graves. Precisamos combater todo e qualquer tipo de abuso e dar assist\u00eancias \u00e0s v\u00edtimas\u201d, avalia a presidenta da Confedera\u00e7\u00e3o Nacional dos Trabalhadores do Ramo Financeiro (Contraf-CUT), Juvandia Moreira. \u201cO esc\u00e2ndalo aponta que temos muito trabalho pela frente para enfrentar este problema. E esse trabalho envolve tratamento igualit\u00e1rio, educa\u00e7\u00e3o, puni\u00e7\u00e3o de culpados, acolhimento e prote\u00e7\u00e3o das v\u00edtimas de ass\u00e9dio sexual ou moral\u201d, completa.<\/p>\n<p>\u201c\u00c9 preciso que os bancos, que tanto formam e cobram seus quadros para a produ\u00e7\u00e3o e gera\u00e7\u00e3o de lucros, estejam abertos para formar e orientar seus quadros sobre a promo\u00e7\u00e3o de debates e conscientiza\u00e7\u00e3o para o tema\u201d, afirma o secret\u00e1rio de Pol\u00edticas Sociais da Contraf-CUT, Elias Jord\u00e3o. \u201cNo caso espec\u00edfico das mulheres, n\u00e3o bastasse a discrimina\u00e7\u00e3o na quest\u00e3o salarial, nas promo\u00e7\u00f5es, na ocupa\u00e7\u00e3o de altos cargos na empresa, elas ainda convivem diariamente com uma das maiores agress\u00f5es \u00e0 dignidade humana, que \u00e9 o ass\u00e9dio sexual\u201d, pontua.<\/p>\n<p>O movimento sindical pedir\u00e1 que a Fenaban observe quatro pontos no combate ao ass\u00e9dio: (1) treinamento e forma\u00e7\u00e3o do quadro para a promo\u00e7\u00e3o de debates sobre o tema; (2) acolhimento das den\u00fancias e apura\u00e7\u00e3o bipartite, banco e sindicato; (3) prote\u00e7\u00e3o e assist\u00eancia \u00e0s v\u00edtimas; (4) e puni\u00e7\u00e3o dos culpados.<\/p>\n<p><strong>Calend\u00e1rio de negocia\u00e7\u00f5es:<\/strong><\/p>\n<p>Quarta-feira, 6 de julho: Igualdade de Oportunidades<br \/>Sexta-feira, 22 de julho: Cl\u00e1usulas Sociais e Teletrabalho<br \/>Quinta-feira, 28 de julho: Cl\u00e1usulas Sociais e Seguran\u00e7a Banc\u00e1ria<br \/>Segunda-feira, 1\u00ba de agosto: Sa\u00fade e Condi\u00e7\u00f5es de Trabalho<br \/>Quarta-feira, 3 de agosto: Cl\u00e1usulas Econ\u00f4micas<br \/>Quinta-feira, 11 de agosto: Continua\u00e7\u00e3o das Cl\u00e1usulas Econ\u00f4micas<\/p>\n<p><strong>Fonte: Contraf-CUT<\/strong><\/p>\n","protected":false},"excerpt":{"rendered":"<p>O Comando Nacional dos Banc\u00e1rios se re\u00fane, nesta quarta-feira (6), com a Federa\u00e7\u00e3o Nacional dos Bancos (Fenaban), para entrega das propostas de Igualdade e Oportunidade, como parte das negocia\u00e7\u00f5es da Campanha Nacional de 2022. Pela agenda definida anteriormente, nessa data os temas debatidos seriam as Cl\u00e1usulas Sociais e Seguran\u00e7a Banc\u00e1ria. Mas a queda do presidente [&hellip;]<\/p>\n","protected":false},"author":2,"featured_media":12762,"comment_status":"","ping_status":"","sticky":false,"template":"","format":"standard","meta":{"footnotes":""},"categories":[3],"tags":[],"class_list":["post-12763","post","type-post","status-publish","format-standard","has-post-thumbnail","hentry","category-noticias"],"_links":{"self":[{"href":"https:\/\/hostnetart.com.br\/baixada\/wp-json\/wp\/v2\/posts\/12763","targetHints":{"allow":["GET"]}}],"collection":[{"href":"https:\/\/hostnetart.com.br\/baixada\/wp-json\/wp\/v2\/posts"}],"about":[{"href":"https:\/\/hostnetart.com.br\/baixada\/wp-json\/wp\/v2\/types\/post"}],"author":[{"embeddable":true,"href":"https:\/\/hostnetart.com.br\/baixada\/wp-json\/wp\/v2\/users\/2"}],"replies":[{"embeddable":true,"href":"https:\/\/hostnetart.com.br\/baixada\/wp-json\/wp\/v2\/comments?post=12763"}],"version-history":[{"count":0,"href":"https:\/\/hostnetart.com.br\/baixada\/wp-json\/wp\/v2\/posts\/12763\/revisions"}],"wp:featuredmedia":[{"embeddable":true,"href":"https:\/\/hostnetart.com.br\/baixada\/wp-json\/wp\/v2\/media\/12762"}],"wp:attachment":[{"href":"https:\/\/hostnetart.com.br\/baixada\/wp-json\/wp\/v2\/media?parent=12763"}],"wp:term":[{"taxonomy":"category","embeddable":true,"href":"https:\/\/hostnetart.com.br\/baixada\/wp-json\/wp\/v2\/categories?post=12763"},{"taxonomy":"post_tag","embeddable":true,"href":"https:\/\/hostnetart.com.br\/baixada\/wp-json\/wp\/v2\/tags?post=12763"}],"curies":[{"name":"wp","href":"https:\/\/api.w.org\/{rel}","templated":true}]}}