{"id":12761,"date":"2022-07-04T18:53:54","date_gmt":"2022-07-04T21:53:54","guid":{"rendered":"https:\/\/hostnetart.com.br\/baixada\/comando-nacional-dos-bancarios-convoca-dia-nacional-de-luta-contra-o-assedio-moral-e-sexual\/"},"modified":"2022-07-04T18:53:54","modified_gmt":"2022-07-04T21:53:54","slug":"comando-nacional-dos-bancarios-convoca-dia-nacional-de-luta-contra-o-assedio-moral-e-sexual","status":"publish","type":"post","link":"https:\/\/hostnetart.com.br\/baixada\/comando-nacional-dos-bancarios-convoca-dia-nacional-de-luta-contra-o-assedio-moral-e-sexual\/","title":{"rendered":"Comando Nacional dos Banc\u00e1rios convoca Dia Nacional de Luta contra o ass\u00e9dio moral e sexual"},"content":{"rendered":"<p>Os banc\u00e1rios de todo o Brasil realizam um Dia Nacional de Luta contra o ass\u00e9dio moral e sexual, na pr\u00f3xima ter\u00e7a-feira (5). Idealizado pelo Comando Nacional dos Banc\u00e1rios, o objetivo do ato \u00e9 intensificar as den\u00fancias e a exig\u00eancia das devidas apura\u00e7\u00f5es junto \u00e0 base da categoria e \u00e0 sociedade.<\/p>\n<p>Juvandia Moreira, presidenta da Confedera\u00e7\u00e3o Nacional dos Trabalhadores do Ramo Financeiro (Contraf-CUT) e uma das coordenadoras do Comando Nacional, lembra que nos \u00faltimos dias acompanhamos as not\u00edcias e os relatos sobre as pr\u00e1ticas criminosas de ass\u00e9dio moral e sexual na categoria banc\u00e1ria, principalmente contra as colegas banc\u00e1rias da Caixa. \u201cAs entidades sindicais j\u00e1 repercutiram os fatos cobrando apura\u00e7\u00e3o e, com isso, desencadeou expressivo envolvimento em \u00e2mbito nacional. N\u00e3o vamos parar enquanto todos os casos forem investigados e os culpados punidos\u201d, garantiu.<\/p>\n<p>Juvandia informou que o foco ser\u00e1 o respeito \u00e0s mulheres, a equidade de condi\u00e7\u00f5es no trabalho, a exig\u00eancia de respeito e acolhimento \u00e0s colegas denunciantes dos casos ocorridos na Caixa. \u201cOs atos presenciais podem ser realizados nas unidades dos bancos, com prioridades \u00e0s da Caixa, para di\u00e1logo com a categoria e a popula\u00e7\u00e3o local. Em cada regi\u00e3o propomos o convite aos representantes de movimentos sociais locais, feministas e de direitos humanos, entre outros, para potencializa\u00e7\u00e3o das a\u00e7\u00f5es\u201d, explicou.<\/p>\n<p>Para as m\u00eddias sociais a orienta\u00e7\u00e3o \u00e9 usar a #BastaDeAssedio.<\/p>\n<p><strong>Fonte: Contraf-CUT<\/strong><\/p>\n","protected":false},"excerpt":{"rendered":"<p>Os banc\u00e1rios de todo o Brasil realizam um Dia Nacional de Luta contra o ass\u00e9dio moral e sexual, na pr\u00f3xima ter\u00e7a-feira (5). Idealizado pelo Comando Nacional dos Banc\u00e1rios, o objetivo do ato \u00e9 intensificar as den\u00fancias e a exig\u00eancia das devidas apura\u00e7\u00f5es junto \u00e0 base da categoria e \u00e0 sociedade. Juvandia Moreira, presidenta da Confedera\u00e7\u00e3o [&hellip;]<\/p>\n","protected":false},"author":2,"featured_media":12760,"comment_status":"","ping_status":"","sticky":false,"template":"","format":"standard","meta":{"footnotes":""},"categories":[3],"tags":[],"class_list":["post-12761","post","type-post","status-publish","format-standard","has-post-thumbnail","hentry","category-noticias"],"_links":{"self":[{"href":"https:\/\/hostnetart.com.br\/baixada\/wp-json\/wp\/v2\/posts\/12761","targetHints":{"allow":["GET"]}}],"collection":[{"href":"https:\/\/hostnetart.com.br\/baixada\/wp-json\/wp\/v2\/posts"}],"about":[{"href":"https:\/\/hostnetart.com.br\/baixada\/wp-json\/wp\/v2\/types\/post"}],"author":[{"embeddable":true,"href":"https:\/\/hostnetart.com.br\/baixada\/wp-json\/wp\/v2\/users\/2"}],"replies":[{"embeddable":true,"href":"https:\/\/hostnetart.com.br\/baixada\/wp-json\/wp\/v2\/comments?post=12761"}],"version-history":[{"count":0,"href":"https:\/\/hostnetart.com.br\/baixada\/wp-json\/wp\/v2\/posts\/12761\/revisions"}],"wp:featuredmedia":[{"embeddable":true,"href":"https:\/\/hostnetart.com.br\/baixada\/wp-json\/wp\/v2\/media\/12760"}],"wp:attachment":[{"href":"https:\/\/hostnetart.com.br\/baixada\/wp-json\/wp\/v2\/media?parent=12761"}],"wp:term":[{"taxonomy":"category","embeddable":true,"href":"https:\/\/hostnetart.com.br\/baixada\/wp-json\/wp\/v2\/categories?post=12761"},{"taxonomy":"post_tag","embeddable":true,"href":"https:\/\/hostnetart.com.br\/baixada\/wp-json\/wp\/v2\/tags?post=12761"}],"curies":[{"name":"wp","href":"https:\/\/api.w.org\/{rel}","templated":true}]}}