{"id":12759,"date":"2022-07-01T21:59:10","date_gmt":"2022-07-02T00:59:10","guid":{"rendered":"https:\/\/hostnetart.com.br\/baixada\/a-comissao-de-organizacao-dos-empregados-coe-do-itau-se-reuniu-com-a-direcao-na-tarde-de-quinta-feira-30-para-conhecer-o-novo-programa-de-remuneracao-decola-segundo-representantes-do-banco-o-programa\/"},"modified":"2022-07-01T21:59:10","modified_gmt":"2022-07-02T00:59:10","slug":"a-comissao-de-organizacao-dos-empregados-coe-do-itau-se-reuniu-com-a-direcao-na-tarde-de-quinta-feira-30-para-conhecer-o-novo-programa-de-remuneracao-decola-segundo-representantes-do-banco-o-programa","status":"publish","type":"post","link":"https:\/\/hostnetart.com.br\/baixada\/a-comissao-de-organizacao-dos-empregados-coe-do-itau-se-reuniu-com-a-direcao-na-tarde-de-quinta-feira-30-para-conhecer-o-novo-programa-de-remuneracao-decola-segundo-representantes-do-banco-o-programa\/","title":{"rendered":"Ita\u00fa comunica novo programa de remunera\u00e7\u00e3o \u201cDecola\u201d"},"content":{"rendered":"<p>A Comiss\u00e3o de Organiza\u00e7\u00e3o dos Empregados (COE) do Ita\u00fa se reuniu com a dire\u00e7\u00e3o, na tarde de quinta-feira (30), para conhecer o novo programa de remunera\u00e7\u00e3o, Decola. Segundo representantes do banco, o programa visa trazer maior equil\u00edbrio entre o peso coletivo, o individual e a satisfa\u00e7\u00e3o dos clientes.<\/p>\n<p>Jair Alves, coordenador da COE Ita\u00fa, lamenta que o programa tenha come\u00e7ado a vigorar j\u00e1 nesta sexta-feira (1), deixando muitos trabalhadores com d\u00favidas com rela\u00e7\u00e3o aos procedimentos e a contrata\u00e7\u00e3o das metas. \u201cQueremos entender o programa para que possamos acompanhar os trabalhadores no dia a dia e o que ir\u00e1 impactar na renumera\u00e7\u00e3o. J\u00e1 no primeiro dia recebemos uma s\u00e9rie de questionamento de trabalhadores em todo o pa\u00eds\u201d.<\/p>\n<p>Depois de cobran\u00e7a da COE, o banco se comprometeu a fazer reuni\u00f5es em todas a regionais para sanar as d\u00favidas dos trabalhadores com rela\u00e7\u00e3o ao novo programa.<\/p>\n<p>Outra conquista foi a cria\u00e7\u00e3o de um grupo de trabalho para discutir e entender o GERA, ponto a ponto. \u201cA ideia \u00e9 que no futuro possamos construir um acordo coletivo de trabalho justo que comtemple todos os trabalhadores\u201d, completou o coordenador.<\/p>\n<p><strong>Fonte: Contraf-CUT<\/strong><\/p>\n","protected":false},"excerpt":{"rendered":"<p>A Comiss\u00e3o de Organiza\u00e7\u00e3o dos Empregados (COE) do Ita\u00fa se reuniu com a dire\u00e7\u00e3o, na tarde de quinta-feira (30), para conhecer o novo programa de remunera\u00e7\u00e3o, Decola. Segundo representantes do banco, o programa visa trazer maior equil\u00edbrio entre o peso coletivo, o individual e a satisfa\u00e7\u00e3o dos clientes. Jair Alves, coordenador da COE Ita\u00fa, lamenta [&hellip;]<\/p>\n","protected":false},"author":2,"featured_media":12758,"comment_status":"","ping_status":"","sticky":false,"template":"","format":"standard","meta":{"footnotes":""},"categories":[3],"tags":[],"class_list":["post-12759","post","type-post","status-publish","format-standard","has-post-thumbnail","hentry","category-noticias"],"_links":{"self":[{"href":"https:\/\/hostnetart.com.br\/baixada\/wp-json\/wp\/v2\/posts\/12759","targetHints":{"allow":["GET"]}}],"collection":[{"href":"https:\/\/hostnetart.com.br\/baixada\/wp-json\/wp\/v2\/posts"}],"about":[{"href":"https:\/\/hostnetart.com.br\/baixada\/wp-json\/wp\/v2\/types\/post"}],"author":[{"embeddable":true,"href":"https:\/\/hostnetart.com.br\/baixada\/wp-json\/wp\/v2\/users\/2"}],"replies":[{"embeddable":true,"href":"https:\/\/hostnetart.com.br\/baixada\/wp-json\/wp\/v2\/comments?post=12759"}],"version-history":[{"count":0,"href":"https:\/\/hostnetart.com.br\/baixada\/wp-json\/wp\/v2\/posts\/12759\/revisions"}],"wp:featuredmedia":[{"embeddable":true,"href":"https:\/\/hostnetart.com.br\/baixada\/wp-json\/wp\/v2\/media\/12758"}],"wp:attachment":[{"href":"https:\/\/hostnetart.com.br\/baixada\/wp-json\/wp\/v2\/media?parent=12759"}],"wp:term":[{"taxonomy":"category","embeddable":true,"href":"https:\/\/hostnetart.com.br\/baixada\/wp-json\/wp\/v2\/categories?post=12759"},{"taxonomy":"post_tag","embeddable":true,"href":"https:\/\/hostnetart.com.br\/baixada\/wp-json\/wp\/v2\/tags?post=12759"}],"curies":[{"name":"wp","href":"https:\/\/api.w.org\/{rel}","templated":true}]}}