{"id":12757,"date":"2022-07-01T21:58:07","date_gmt":"2022-07-02T00:58:07","guid":{"rendered":"https:\/\/hostnetart.com.br\/baixada\/5-conferencia-tematica-da-uni-americas-debateu-momento-politico-e-sindical-no-continente\/"},"modified":"2022-07-01T21:58:07","modified_gmt":"2022-07-02T00:58:07","slug":"5-conferencia-tematica-da-uni-americas-debateu-momento-politico-e-sindical-no-continente","status":"publish","type":"post","link":"https:\/\/hostnetart.com.br\/baixada\/5-conferencia-tematica-da-uni-americas-debateu-momento-politico-e-sindical-no-continente\/","title":{"rendered":"5\u00aa Confer\u00eancia Tem\u00e1tica da UNI Am\u00e9ricas debateu momento pol\u00edtico e sindical no continente"},"content":{"rendered":"<p>Nos \u00faltimos\u00a0dias 29 e 30 de junho, foi realizada a 5\u00aa Confer\u00eancia Tem\u00e1tica da UNI Am\u00e9ricas, em Fortaleza, capital do Cear\u00e1.<\/p>\n<p>O evento contou com a\u00a0presen\u00e7a de diversos pol\u00edticos do campo progressistas e lideran\u00e7as sindicais latino-americanas.<\/p>\n<p>A\u00a0Federac\u0327a\u0303o dos Trabalhadores do Ramo Financeiro dos Estados do Rio de Janeiro e Espi\u0301rito Santo (Fetraf RJ\/ES) foi representada pela Diretora de Bancos Privados da entidade e, tamb\u00e9m, Coordenadora Geral do Sindicato dos Banc\u00e1rios da Baixada Fluminense, Renata Soeiro.<\/p>\n<p>\u201cFoi uma experi\u00eancia gratificante. Estar com delegados e delegadas de mais de 20 pa\u00edses, dividindo suas experi\u00eancias, m\u00e9todos de trabalho, inova\u00e7\u00e3o tecnol\u00f3gica, foi de um aprendizado \u00fanico. Tenho certeza que volto para nossa entidade com ainda mais g\u00e1s para superar os desafios do dia a dia\u201d, declarou Renata.<\/p>\n<p><img fetchpriority=\"high\" decoding=\"async\" class=\"alignnone size-full wp-image-18924\" src=\"https:\/\/fetrafrjes.org.br\/wp-content\/uploads\/2022\/07\/uni-americas-2.jpg\" sizes=\"(max-width: 828px) 100vw, 828px\" srcset=\"https:\/\/fetrafrjes.org.br\/wp-content\/uploads\/2022\/07\/uni-americas-2.jpg 828w, https:\/\/fetrafrjes.org.br\/wp-content\/uploads\/2022\/07\/uni-americas-2-600x332.jpg 600w, https:\/\/fetrafrjes.org.br\/wp-content\/uploads\/2022\/07\/uni-americas-2-768x425.jpg 768w\" alt=\"\" width=\"828\" height=\"458\" \/><\/p>\n<p>Para a presidenta da Contraf-CUT, Juvandia Moreira, \u201ca UNI Am\u00e9ricas unifica nossas bandeiras. Aqui aprovamos\u00a0<a href=\"https:\/\/contrafcut.com.br\/noticias\/uni-americas-debate-democracia-e-faz-mocao-contra-pedro-guimaraes\/\" target=\"_blank\" rel=\"noopener noreferrer\">uma mo\u00e7\u00e3o de apoio \u00e0s banc\u00e1rias, v\u00edtimas de ass\u00e9dio na Caixa e pelo afastamento de Pedro Guimar\u00e3es<\/a>, por exemplo. Tamb\u00e9m tivemos a oportunidade de debater as pol\u00edticas que defendemos para os trabalhadores, com o lema \u2018Construindo nosso futuro\u2019. Discutimos a Am\u00e9rica Latina, na busca de um continente democr\u00e1tico, com direitos e movimento sindical forte e bem organizado\u201d.<\/p>\n<p>A presidenta da UNI Finan\u00e7as mundial e secret\u00e1ria de Rela\u00e7\u00f5es Internacionais da Contraf-CUT, Rita Berlofa, disse que \u201c\u00e9 um orgulho para os trabalhadores terem um sindicato global como a UNI, que fortalece o papel da luta sindical no mundo todo\u201d. Ela avaliou que \u201ca Confer\u00eancia foi maravilhosa, com quest\u00f5es que permeiam a luta dos trabalhadores no mundo todo, com discuss\u00f5es sobre a import\u00e2ncia dos governos progressistas no nosso continente, pois sem isso nossos direitos s\u00e3o retirados e os sindicatos atacados\u201d.<\/p>\n<p>Ao longo das atividades, a 5\u00aa Confer\u00eancia Tem\u00e1tica teve a presen\u00e7a de lideran\u00e7as sindicais de todo continente. Em sua participa\u00e7\u00e3o, Juvandia Moreira, destacou que o retrocesso que vem se solidificando no Brasil, desde o golpe contra a presidenta Dilma Rousseff, em 2016, faz parte de um projeto neoliberal, acentuado no atual governo, produzindo uma aguda pol\u00edtica contra o movimento sindical.<\/p>\n<p>\u201cOs bancos p\u00fablicos foram atacados, limitaram os investimentos, colocaram o teto de gastos. Mas n\u00f3s queremos avan\u00e7ar em uma reforma sindical para fortalecer o movimento dos trabalhadores e trabalhadoras, somos resist\u00eancia contra um governo fascista, homof\u00f3bico e mis\u00f3gino. A gente quer estar no movimento sindical para fazer a diferen\u00e7a\u201d, afirmou.<\/p>\n<p>O presidente da For\u00e7a Sindical, Miguel Torres, afirmou que toda forma de viol\u00eancia deve ser abolida na sociedade, como o ass\u00e9dio moral e sexual. \u201cTodos n\u00f3s temos que buscar a constru\u00e7\u00e3o do emprego do futuro, o sindicato do futuro, que consiga despertar nos jovens o sentimento de inclus\u00e3o, e tamb\u00e9m precisamos mostrar nossa indigna\u00e7\u00e3o\u201d.<\/p>\n<p>Presidente da UGT Brasil, Ricardo Patah, agradeceu a solidariedade internacional quando o ex-presidente brasileiro, Luiz In\u00e1cio Lula da Silva, esteve preso: \u201cAgrade\u00e7o demais ao sindicalismo que criou comit\u00eas de Lula Livre pelo mundo. Essa solidariedade internacional \u00e9 muito importante para n\u00f3s do Brasil\u201d. C\u00edcero Pereira da Silva, da CSA, destacou a import\u00e2ncia do sindicalismo sociopol\u00edtico. Para ele, \u201co sindicato precisa estar de portas abertas para os trabalhadores. Os sindicalistas t\u00eam que ter lado\u201d.<\/p>\n<p>A vice-presidenta executiva da SEIU (importante central sindical dos Estados Unidos e Canad\u00e1), Roc\u00ed S\u00e1enz, enfatizou a import\u00e2ncia da liberdade sindical. \u201cQueremos justi\u00e7a racial e econ\u00f4mica, igualdade de direitos; que todos os trabalhadores tenham direito a um sindicato em todas as partes do mundo e que possam ser respeitados, protegidos, pagos como trabalhadores essenciais que j\u00e1 s\u00e3o. Tudo isso que temos conseguido na pol\u00edtica foi porque conseguimos escolher l\u00edderes com esta agenda, mas sabemos que ainda tem muita coisa a fazer\u201d, analisou.<\/p>\n<p>O presidente de UNI Am\u00e9ricas, H\u00e9ctor Daer, destacou o trabalho da entidade e afirmou que \u201c\u00e9 preciso aprofundar os direitos sindicais, a liberdade sindical\u201d e \u201caprofundar o realinhamento na Am\u00e9rica Latina, para fortalecer as organiza\u00e7\u00f5es dos trabalhadores\u201d. Para ele, s\u00f3 assim ser\u00e1 poss\u00edvel \u201cdebater e decidir a nova ordem mundial por um mundo mais justo\u201d.<\/p>\n<p>A fala do presidente da Argentina, Alberto Fern\u00e1ndez, aclamada pelo plen\u00e1rio, foi o ponto alto do evento. Ele fez uma an\u00e1lise dos estragos causados pela pandemia da Covid-19. \u201cAs primeiras pot\u00eancias do mundo se levantaram em segundos e vimos o tamanho dessa desigualdade. A Pandemia mostrou que precisamos de um Estado presente e que iguale as oportunidades\u201d, afirmou.<\/p>\n<p>\u201cChegou a hora de elevar a nossa voz para construir uma sociedade justa, de progresso social, igualit\u00e1ria\u201d, disse o presidente argentino. \u201cA Am\u00e9rica Latina \u00e9 o continente mais desigual do mundo, onde h\u00e1 a maior dist\u00e2ncia entre ricos e pobres. Na realidade, o problema n\u00e3o \u00e9 a pobreza em si, mas o modelo econ\u00f4mico que gera a pobreza\u201d, completou.<\/p>\n<p>O deputado federal Jos\u00e9 Guimar\u00e3es (PT-CE), analisou os retrocessos do Brasil com o governo Bolsonaro. \u201cO Brasil est\u00e1 desmoralizado perante o mundo. A morte do Dom e Bruno escancara este governo de viol\u00eancias. Precisamos barrar o fascismo, construindo frentes que tenham compromisso com a democracia\u201d, afirmou.<\/p>\n<p>A ministra do Trabalho da Espanha, Yolanda D\u00edas, defendeu o direito de todos a uma vida plena. \u201cO futuro da luta dos trabalhadores \u00e9 feminista, com tempo de trabalho sustent\u00e1vel\u201d, disse. Ponderando, ainda, que \u00e9 \u201cpreciso quebrar o ciclo da precariza\u00e7\u00e3o e falar de sa\u00fade mental\u201d. Para a ministra \u201cos sindicatos s\u00e3o a vacina contra o autoritarismo e a desigualdade\u201d.<\/p>\n<p>Outra participa\u00e7\u00e3o de destaque foi da presidenta da Constituinte do Chile, Maria Elisa Quinteros. Ela falou sobre o processo de elabora\u00e7\u00e3o da nova Constitui\u00e7\u00e3o do pa\u00eds, que ainda est\u00e1 em curso. \u201cVivemos um processo muito intenso, mas, apesar das barreiras, conseguimos chegar \u00e0 frente no processo democr\u00e1tico\u201d. Ela explicou que \u201ccom a nova constitui\u00e7\u00e3o, os chilenos passaram \u201ca ter direito de greve e cada sindicato p\u00f4de construir seus pr\u00f3prios objetivos\u201d.<\/p>\n<p>A conjuntura latino-americana foi o tema da secret\u00e1ria do trabalho do M\u00e9xico, Luiza Alcalda. \u201cDesde o in\u00edcio deste s\u00e9culo chegou ao nosso continente uma onda de governos que conseguiram tirar milh\u00f5es de latinos da pobreza\u201d, lembrou. Sobre a nova onda pol\u00edtica progressista no continente, ela celebrou e disse que \u201cestamos vivendo momentos extraordin\u00e1rios\u201d na regi\u00e3o. Ela destacou, ainda, que a \u201ctarefa do movimento sindical\u201d \u00e9 \u201cdemocratizar, acabar com a l\u00f3gica da imposi\u00e7\u00e3o, a partir dos governos e das empresas\u201d. \u201cTemos que reconstruir uma rela\u00e7\u00e3o com os governos para retratar as decis\u00f5es da vida p\u00fablica, para que possamos nos envolver nas decis\u00f5es do presente e do futuro. O sindicalismo tem que ser inovador!\u201d, pontuou.<\/p>\n<p>A secret\u00e1ria geral da UNI Global Union, Christy Hoffman, falou sobre a onda progressista que tem tomado as Am\u00e9ricas. Ela destacou que todos devem \u201cmilitar pelos novos modelos econ\u00f4micos, para redistribuir as riquezas e chegar a uma nova ordem global\u201d. Para a dirigente, o movimento sindical deve assumir seu papel na pol\u00edtica. \u201cPrecisamos ter sindicatos mais fortes, ajudar nossos aliados pol\u00edticos, alavancar os direitos e ajudar a eleger pol\u00edticos progressistas. A democracia n\u00e3o existe sem os sindicatos\u201d, finalizou.<\/p>\n<p><em><strong>*Com informa\u00e7\u00f5es da Contraf-CUT e da Fetraf RJ\/Es<\/strong><\/em><\/p>\n","protected":false},"excerpt":{"rendered":"<p>Nos \u00faltimos\u00a0dias 29 e 30 de junho, foi realizada a 5\u00aa Confer\u00eancia Tem\u00e1tica da UNI Am\u00e9ricas, em Fortaleza, capital do Cear\u00e1. O evento contou com a\u00a0presen\u00e7a de diversos pol\u00edticos do campo progressistas e lideran\u00e7as sindicais latino-americanas. A\u00a0Federac\u0327a\u0303o dos Trabalhadores do Ramo Financeiro dos Estados do Rio de Janeiro e Espi\u0301rito Santo (Fetraf RJ\/ES) foi representada [&hellip;]<\/p>\n","protected":false},"author":2,"featured_media":12756,"comment_status":"","ping_status":"","sticky":false,"template":"","format":"standard","meta":{"footnotes":""},"categories":[3],"tags":[],"class_list":["post-12757","post","type-post","status-publish","format-standard","has-post-thumbnail","hentry","category-noticias"],"_links":{"self":[{"href":"https:\/\/hostnetart.com.br\/baixada\/wp-json\/wp\/v2\/posts\/12757","targetHints":{"allow":["GET"]}}],"collection":[{"href":"https:\/\/hostnetart.com.br\/baixada\/wp-json\/wp\/v2\/posts"}],"about":[{"href":"https:\/\/hostnetart.com.br\/baixada\/wp-json\/wp\/v2\/types\/post"}],"author":[{"embeddable":true,"href":"https:\/\/hostnetart.com.br\/baixada\/wp-json\/wp\/v2\/users\/2"}],"replies":[{"embeddable":true,"href":"https:\/\/hostnetart.com.br\/baixada\/wp-json\/wp\/v2\/comments?post=12757"}],"version-history":[{"count":0,"href":"https:\/\/hostnetart.com.br\/baixada\/wp-json\/wp\/v2\/posts\/12757\/revisions"}],"wp:featuredmedia":[{"embeddable":true,"href":"https:\/\/hostnetart.com.br\/baixada\/wp-json\/wp\/v2\/media\/12756"}],"wp:attachment":[{"href":"https:\/\/hostnetart.com.br\/baixada\/wp-json\/wp\/v2\/media?parent=12757"}],"wp:term":[{"taxonomy":"category","embeddable":true,"href":"https:\/\/hostnetart.com.br\/baixada\/wp-json\/wp\/v2\/categories?post=12757"},{"taxonomy":"post_tag","embeddable":true,"href":"https:\/\/hostnetart.com.br\/baixada\/wp-json\/wp\/v2\/tags?post=12757"}],"curies":[{"name":"wp","href":"https:\/\/api.w.org\/{rel}","templated":true}]}}