{"id":12753,"date":"2022-06-30T18:24:49","date_gmt":"2022-06-30T21:24:49","guid":{"rendered":"https:\/\/hostnetart.com.br\/baixada\/mulheres-debatem-medidas-contra-violencia-na-conferencia-da-uni-americas\/"},"modified":"2022-06-30T18:24:49","modified_gmt":"2022-06-30T21:24:49","slug":"mulheres-debatem-medidas-contra-violencia-na-conferencia-da-uni-americas","status":"publish","type":"post","link":"https:\/\/hostnetart.com.br\/baixada\/mulheres-debatem-medidas-contra-violencia-na-conferencia-da-uni-americas\/","title":{"rendered":"Mulheres debatem medidas contra viol\u00eancia na Confer\u00eancia da UNI Am\u00e9ricas"},"content":{"rendered":"<p>O combate ao ass\u00e9dio sexual foi o principal t\u00f3pico debatido na 23\u00aa Confer\u00eancia Regional de Mulheres da UNI Am\u00e9ricas, na ter\u00e7a-feira (28), durante a 5\u00aa Confer\u00eancia Tem\u00e1tica da UNI Am\u00e9ricas, que acontece em Fortaleza. O encontro re\u00fane mulheres de todo o continente.<\/p>\n<p>A Diretora de Bancos Privados da Federac\u0327a\u0303o dos Trabalhadores do Ramo Financeiro dos Estados do Rio de Janeiro e Espi\u0301rito Santo (Fetraf RJ\/ES), Renata Soeiro, est\u00e1 representando a entidade. Renata tamb\u00e9m \u00e9\u00a0Coordenadora Geral do Sindicato dos Banc\u00e1rios da Baixada Fluminense.<\/p>\n<p>\u201cPor ironia, o esse tema foi debatido exatamente no dia em que a imprensa trazia \u00e0 tona os casos grav\u00edssimos de den\u00fancia de ass\u00e9dio sexual que\u00a0<a href=\"https:\/\/contrafcut.com.br\/noticias\/acusado-de-assedio-sexual-pedro-guimaraes-pede-demissao\/\" target=\"_blank\" rel=\"noopener noreferrer\">derrubaram o ent\u00e3o presidente da Caixa, Pedro Guimar\u00e3es<\/a>\u201d, observou a secret\u00e1ria da Mulher da Confedera\u00e7\u00e3o Nacional dos Trabalhadores do Ramo Financeiro (Contraf-CUT), Fernanda Lopes de Oliveira. \u201cMuito mais do que uma coincid\u00eancia, o fato mostra a import\u00e2ncia do debate sobre a quest\u00e3o e a necessidade de vigil\u00e2ncia constante do movimento sindical a respeito da forma como a mulher \u00e9 tratada no servi\u00e7o banc\u00e1rio\u201d, completou.<\/p>\n<h3><strong>Conven\u00e7\u00e3o 190<\/strong><\/h3>\n<p>O Comit\u00ea de Mulheres tamb\u00e9m discutiu a preven\u00e7\u00e3o de todo o tipo de viol\u00eancia nos locais de trabalho e avaliou a estrat\u00e9gia da campanha dos sindicatos ligados \u00e0 UNI para ratifica\u00e7\u00e3o da conven\u00e7\u00e3o 190 da Organiza\u00e7\u00e3o Internacional do Trabalho (OIT), sobre combate \u00e0 viol\u00eancia nos locais de trabalho e de viol\u00eancia dom\u00e9stica.<\/p>\n<p>A Conven\u00e7\u00e3o 190 reconhece o direito de todas as pessoas a um mundo de trabalho livre de viol\u00eancia e ass\u00e9dio e fornece uma estrutura comum para a a\u00e7\u00e3o. A resolu\u00e7\u00e3o, que se junta \u00e0 Recomenda\u00e7\u00e3o N\u00ba 206, \u00e9 a primeira defini\u00e7\u00e3o internacional de viol\u00eancia e ass\u00e9dio no mundo do trabalho, incluindo a quest\u00e3o de g\u00eanero.<\/p>\n<p>Em uma fala sobre o\u00a0<a href=\"https:\/\/contrafcut.com.br\/noticias\/contraf-cut-lanca-projeto-basta-contra-a-violencia-domestica\/\" target=\"_blank\" rel=\"noopener noreferrer\">Projeto Basta! N\u00e3o ir\u00e3o nos calar<\/a>, a secret\u00e1ria da Mulher da Contraf-CUT ressaltou a dimens\u00e3o que o programa ganhou desde sua cria\u00e7\u00e3o. \u201cEsse programa de acolhimento e assist\u00eancia \u00e0s mulheres v\u00edtimas de viol\u00eancia se mostrou importante ferramenta durante a pandemia, pois as mulheres estavam em casa, e o canal se tornou um facilitador para que elas efetivassem a den\u00fancia\u201d, afirmou.<\/p>\n<p>O Projeto Basta! visa a oferecer assessoria t\u00e9cnica \u00e0s federa\u00e7\u00f5es e aos sindicatos, para implanta\u00e7\u00e3o de canais de atendimento jur\u00eddico especializado para mulheres em situa\u00e7\u00e3o de viol\u00eancia dom\u00e9stica e familiar. A ideia foi inspirada no exemplo do Sindicato dos Banc\u00e1rios de S\u00e3o Paulo, Osasco e Regi\u00e3o, que desde dezembro de 2019 oferece este servi\u00e7o j\u00e1 atendeu a mais de 200 mulheres.<\/p>\n<h3><strong>Equidade de g\u00eanero<\/strong><\/h3>\n<p>A secret\u00e1ria-geral do Sindicato dos Banc\u00e1rios de S\u00e3o Paulo, Osasco e Regi\u00e3o e vice-presidenta da UNI Am\u00e9rica Mulheres, Neiva Ribeiro, destacou que a nova dire\u00e7\u00e3o da Contraf-CUT, eleita no \u00faltimo congresso da entidade, possui 40% de mulheres em sua composi\u00e7\u00e3o, inclusive na Dire\u00e7\u00e3o Executiva. \u201cEssa foi uma luta \u00e1rdua e vitoriosa das banc\u00e1rias brasileiras. Temos que garantir maior participa\u00e7\u00e3o das mulheres nas entidades sindicais. \u00c9 um processo importante de empoderamento, de forma\u00e7\u00e3o pol\u00edtica e de renova\u00e7\u00e3o do movimento sindical, porque a contribui\u00e7\u00e3o das mulheres e a entrada de sindicalistas jovens \u00e9 um passo importante para a reinven\u00e7\u00e3o e atualiza\u00e7\u00e3o da organiza\u00e7\u00e3o dos trabalhadores e trabalhadoras\u201d, disse.<\/p>\n<h3><strong>Mo\u00e7\u00e3o de apoio \u00e0s norte-americanas<\/strong><\/h3>\n<p>Uma mo\u00e7\u00e3o de apoio \u00e0s mulheres norte-americanas, que tiveram o direito ao aborto legal abolido recentemente nos Estados Unidos, foi aprovada. A decis\u00e3o tomada pela Suprema Corte do pa\u00eds, depois de 50 anos que esse direito tinha sido estabelecido, foi considerado um retrocesso hist\u00f3rico. O encontro terminou com um ato l\u00fadico que envolveu todas as delegadas em homenagem ao\u00a0<a href=\"https:\/\/contrafcut.com.br\/noticias\/dia-internacional-do-orgulho-lgbtqia-para-reflexao-e-respeito\/\" target=\"_blank\" rel=\"noopener noreferrer\">dia mundial da luta LGBTIA+<\/a>.<\/p>\n<h3><strong>A Confer\u00eancia<\/strong><\/h3>\n<p>A 5\u00aa Confer\u00eancia Tem\u00e1tica da UNI Am\u00e9ricas, que acontece em Fortaleza-CE e segue at\u00e9 esta quinta-feira (30), re\u00fane mais de 600 dirigentes sindicais de 24 pa\u00edses, que representam 124 organiza\u00e7\u00f5es de trabalhadores filiadas \u00e0 UNI Global Union. A Contraf-CUT, uma das anfitri\u00e3s do evento, participa com uma delega\u00e7\u00e3o de cerca de 100 sindicalistas.<\/p>\n<p><strong>Fonte: Contraf-CUT<\/strong><\/p>\n","protected":false},"excerpt":{"rendered":"<p>O combate ao ass\u00e9dio sexual foi o principal t\u00f3pico debatido na 23\u00aa Confer\u00eancia Regional de Mulheres da UNI Am\u00e9ricas, na ter\u00e7a-feira (28), durante a 5\u00aa Confer\u00eancia Tem\u00e1tica da UNI Am\u00e9ricas, que acontece em Fortaleza. O encontro re\u00fane mulheres de todo o continente. A Diretora de Bancos Privados da Federac\u0327a\u0303o dos Trabalhadores do Ramo Financeiro dos [&hellip;]<\/p>\n","protected":false},"author":2,"featured_media":12752,"comment_status":"","ping_status":"","sticky":false,"template":"","format":"standard","meta":{"footnotes":""},"categories":[3],"tags":[],"class_list":["post-12753","post","type-post","status-publish","format-standard","has-post-thumbnail","hentry","category-noticias"],"_links":{"self":[{"href":"https:\/\/hostnetart.com.br\/baixada\/wp-json\/wp\/v2\/posts\/12753","targetHints":{"allow":["GET"]}}],"collection":[{"href":"https:\/\/hostnetart.com.br\/baixada\/wp-json\/wp\/v2\/posts"}],"about":[{"href":"https:\/\/hostnetart.com.br\/baixada\/wp-json\/wp\/v2\/types\/post"}],"author":[{"embeddable":true,"href":"https:\/\/hostnetart.com.br\/baixada\/wp-json\/wp\/v2\/users\/2"}],"replies":[{"embeddable":true,"href":"https:\/\/hostnetart.com.br\/baixada\/wp-json\/wp\/v2\/comments?post=12753"}],"version-history":[{"count":0,"href":"https:\/\/hostnetart.com.br\/baixada\/wp-json\/wp\/v2\/posts\/12753\/revisions"}],"wp:featuredmedia":[{"embeddable":true,"href":"https:\/\/hostnetart.com.br\/baixada\/wp-json\/wp\/v2\/media\/12752"}],"wp:attachment":[{"href":"https:\/\/hostnetart.com.br\/baixada\/wp-json\/wp\/v2\/media?parent=12753"}],"wp:term":[{"taxonomy":"category","embeddable":true,"href":"https:\/\/hostnetart.com.br\/baixada\/wp-json\/wp\/v2\/categories?post=12753"},{"taxonomy":"post_tag","embeddable":true,"href":"https:\/\/hostnetart.com.br\/baixada\/wp-json\/wp\/v2\/tags?post=12753"}],"curies":[{"name":"wp","href":"https:\/\/api.w.org\/{rel}","templated":true}]}}