{"id":12747,"date":"2022-06-30T18:12:31","date_gmt":"2022-06-30T21:12:31","guid":{"rendered":"https:\/\/hostnetart.com.br\/baixada\/com-mais-trabalhadores-sem-carteira-e-queda-na-renda-taxa-de-desemprego-recua\/"},"modified":"2022-06-30T18:12:31","modified_gmt":"2022-06-30T21:12:31","slug":"com-mais-trabalhadores-sem-carteira-e-queda-na-renda-taxa-de-desemprego-recua","status":"publish","type":"post","link":"https:\/\/hostnetart.com.br\/baixada\/com-mais-trabalhadores-sem-carteira-e-queda-na-renda-taxa-de-desemprego-recua\/","title":{"rendered":"Com mais trabalhadores sem carteira e queda na renda, taxa de desemprego recua"},"content":{"rendered":"<p>A taxa m\u00e9dia de desemprego ficou em 9,8% no trimestre encerrado em maio, segundo informou o\u00a0<a href=\"https:\/\/ibge.gov.br\/\" target=\"_blank\" rel=\"noopener noreferrer\">IBGE<\/a>\u00a0nesta quinta-feira (30). Estava em 11,2% no per\u00edodo imediatamente anterior e em 14,7% h\u00e1 um ano. O recuo para o menor n\u00edvel desde 2015 se explica, em parte, pela queda na renda, de 7,2% em 12 meses. Os dados s\u00e3o da Pesquisa Nacional por Amostra de Domic\u00edlios (Pnad) Cont\u00ednua.<\/p>\n<p>Outro fator que contribui para o resultado da taxa de desemprego \u00e9 a maior presen\u00e7a de empregados no setor privado sem carteira assinada. Esse contingente, de 12,804 milh\u00f5es, cresceu 23,6% em 12 meses, praticamente o dobro dos com carteira, que aumentaram 12,1% em igual per\u00edodo, para 35,576 milh\u00f5es. Assim, a participa\u00e7\u00e3o do trabalhador sem registro passou de 11,7% para 13,1% dos ocupados.<\/p>\n<p>No setor p\u00fablico, o emprego sem carteira cresceu 25% em um ano. Por sua vez, o trabalho por conta pr\u00f3pria subiu 6,4%, enquanto o n\u00famero de empregados sem CNPJ aumentou 29,4%.<\/p>\n<h3>Informalidade se mant\u00e9m<\/h3>\n<p>J\u00e1 o total de desempregados foi estimado em 10,631 milh\u00f5es. De acordo com a pesquisa, queda de 11,5% no trimestre e de 30,2% em 12 meses. Os ocupados agora somam 97,516 milh\u00f5es, n\u00famero recorde na s\u00e9rie, com crescimento de 2,4% e 10,6%, respectivamente. A taxa de informalidade corresponde a 40,1% da popula\u00e7\u00e3o ocupada (ou 39,1 milh\u00f5es de trabalhadores informais), ante 40,2% no trimestre anterior e 39,5% em igual per\u00edodo de 2021.<\/p>\n<p>\u201cPrincipalmente no final de 2020 e primeiro semestre de 2021, a recupera\u00e7\u00e3o da ocupa\u00e7\u00e3o estava majoritariamente no trabalho informal. A partir do segundo semestre de 2021, al\u00e9m da informalidade, passou a ocorrer tamb\u00e9m uma contribui\u00e7\u00e3o mais efetiva do emprego com carteira no processo de recupera\u00e7\u00e3o da ocupa\u00e7\u00e3o\u201d, comenta Adriana Beringuy, coordenadora de pesquisas por amostra de domic\u00edlios do IBGE.<\/p>\n<h3>Renda encolhe<\/h3>\n<p>Entre os setores, ele destaca o grupo ligado \u00e0 administra\u00e7\u00e3o p\u00fablica, especificamente no segmento de educa\u00e7\u00e3o. \u201cCom o retorno das aulas presenciais, est\u00e1 havendo um processo de recomposi\u00e7\u00e3o da estrutura educacional, n\u00e3o apenas com a contrata\u00e7\u00e3o de professores, mas tamb\u00e9m de trabalhadores ligados \u00e0 presta\u00e7\u00e3o de servi\u00e7os e infraestrutura dos estabelecimentos de ensino.\u201d<\/p>\n<p>Ainda segundo o IBGE, o rendimento m\u00e9dio foi estimado em R$ 2.613. Ficou est\u00e1vel no trimestre e caiu 7,2% em um ano. \u201cEssa queda do rendimento no anual \u00e9 puxada, inclusive, por segmentos da ocupa\u00e7\u00e3o formais, como o setor p\u00fablico e o empregador. At\u00e9 mesmo dentre os trabalhadores formalizados h\u00e1 um processo de retra\u00e7\u00e3o\u201d, observa Adriana.<\/p>\n<p><strong>Fonte: Rede Brasil Atual<\/strong><\/p>\n","protected":false},"excerpt":{"rendered":"<p>A taxa m\u00e9dia de desemprego ficou em 9,8% no trimestre encerrado em maio, segundo informou o\u00a0IBGE\u00a0nesta quinta-feira (30). Estava em 11,2% no per\u00edodo imediatamente anterior e em 14,7% h\u00e1 um ano. O recuo para o menor n\u00edvel desde 2015 se explica, em parte, pela queda na renda, de 7,2% em 12 meses. Os dados s\u00e3o [&hellip;]<\/p>\n","protected":false},"author":2,"featured_media":12746,"comment_status":"","ping_status":"","sticky":false,"template":"","format":"standard","meta":{"footnotes":""},"categories":[3],"tags":[],"class_list":["post-12747","post","type-post","status-publish","format-standard","has-post-thumbnail","hentry","category-noticias"],"_links":{"self":[{"href":"https:\/\/hostnetart.com.br\/baixada\/wp-json\/wp\/v2\/posts\/12747","targetHints":{"allow":["GET"]}}],"collection":[{"href":"https:\/\/hostnetart.com.br\/baixada\/wp-json\/wp\/v2\/posts"}],"about":[{"href":"https:\/\/hostnetart.com.br\/baixada\/wp-json\/wp\/v2\/types\/post"}],"author":[{"embeddable":true,"href":"https:\/\/hostnetart.com.br\/baixada\/wp-json\/wp\/v2\/users\/2"}],"replies":[{"embeddable":true,"href":"https:\/\/hostnetart.com.br\/baixada\/wp-json\/wp\/v2\/comments?post=12747"}],"version-history":[{"count":0,"href":"https:\/\/hostnetart.com.br\/baixada\/wp-json\/wp\/v2\/posts\/12747\/revisions"}],"wp:featuredmedia":[{"embeddable":true,"href":"https:\/\/hostnetart.com.br\/baixada\/wp-json\/wp\/v2\/media\/12746"}],"wp:attachment":[{"href":"https:\/\/hostnetart.com.br\/baixada\/wp-json\/wp\/v2\/media?parent=12747"}],"wp:term":[{"taxonomy":"category","embeddable":true,"href":"https:\/\/hostnetart.com.br\/baixada\/wp-json\/wp\/v2\/categories?post=12747"},{"taxonomy":"post_tag","embeddable":true,"href":"https:\/\/hostnetart.com.br\/baixada\/wp-json\/wp\/v2\/tags?post=12747"}],"curies":[{"name":"wp","href":"https:\/\/api.w.org\/{rel}","templated":true}]}}