{"id":12745,"date":"2022-06-30T14:07:02","date_gmt":"2022-06-30T17:07:02","guid":{"rendered":"https:\/\/hostnetart.com.br\/baixada\/uni-americas-debate-democracia\/"},"modified":"2022-06-30T14:07:02","modified_gmt":"2022-06-30T17:07:02","slug":"uni-americas-debate-democracia","status":"publish","type":"post","link":"https:\/\/hostnetart.com.br\/baixada\/uni-americas-debate-democracia\/","title":{"rendered":"UNI Am\u00e9ricas debate democracia"},"content":{"rendered":"<p>A 5\u00aa Confer\u00eancia Tem\u00e1tica da UNI Am\u00e9ricas teve hoje sua abertura oficial, com foco no debate sobre o fortalecimento da democracia e dos governos progressistas no continente latino-americano. O encontro teve a participa\u00e7\u00e3o, de modo presencial e remoto, de grandes lideran\u00e7as pol\u00edticas, como o presidente da Argentina, Alberto Fern\u00e1ndez; a ministra do Trabalho da Espanha, Yolanda Diaz Perez; o deputado federal Jos\u00e9 Guimar\u00e3es (PT-CE); a presidenta da Constituinte do Chile, Mar\u00eda Elisa Quinteros; e a secret\u00e1ria geral da UNI Am\u00e9ricas, Christy Hoffman.<\/p>\n<p>Com o tema \u201cVamos defender nossos direitos e construir nosso futuro\u201d, o evento tem suas atividades voltadas para analisar o papel do movimento sindical e construir uma agenda de atua\u00e7\u00e3o no novo cen\u00e1rio pol\u00edtico que se forma na regi\u00e3o, com a elei\u00e7\u00e3o, nos \u00faltimos anos, de governos progressistas em v\u00e1rios pa\u00edses do continente, como M\u00e9xico, Chile, Argentina, Honduras, Peru, Bol\u00edvia, Col\u00f4mbia.<\/p>\n<h3><strong>Rep\u00fadio a Pedro Guimar\u00e3es<\/strong><\/h3>\n<p class=\"has-text-align-left\">Durante a abertura, a Confer\u00eancia aprovou uma mo\u00e7\u00e3o de rep\u00fadio ao\u00a0<a href=\"https:\/\/contrafcut.com.br\/noticias\/contraf-cut-exige-afastamento-de-pedro-guimaraes-acusado-de-assedio-sexual\/\" target=\"_blank\" rel=\"noopener noreferrer\">presidente da Caixa, que foi denunciado por empregadas do banco de ter cometido graves casos de ass\u00e9dio moral e sexual<\/a>\u00a0contra elas. A mo\u00e7\u00e3o foi lida pela presidenta da UNI Finan\u00e7as mundial e secret\u00e1ria de Rela\u00e7\u00f5es Internacionais da Contraf-CUT, Rita Berlofa.<\/p>\n<p>Confira os termos da mo\u00e7\u00e3o: \u201cDiante das graves den\u00fancias de ass\u00e9dio sexual contra o presidente da Caixa Econ\u00f4mica Federal, Pedro Duarte Guimar\u00e3es, que foi acusado por v\u00e1rias empregadas do banco, as e os membros do Comit\u00ea Executivo da UNI Am\u00e9ricas pedem seu imediato afastamento da presid\u00eancia do banco, bem como que as acusa\u00e7\u00f5es sejam investigadas com o devido rigor e, caso sejam comprovadas, que seja dada puni\u00e7\u00e3o exemplar na esfera criminal ao acusado, uma vez que, no Brasil, o ass\u00e9dio sexual \u00e9 crime, definido no artigo 216-A do C\u00f3digo Penal.\u201d<\/p>\n<h3><strong>A Confer\u00eancia<\/strong><\/h3>\n<p>A 5\u00aa Confer\u00eancia Tem\u00e1tica da UNI Am\u00e9ricas, que acontece em Fortaleza-CE e segue at\u00e9 esta quinta-feira (30), re\u00fane mais de 600 dirigentes sindicais de 24 pa\u00edses, que representam 124 organiza\u00e7\u00f5es de trabalhadores filiadas \u00e0 UNI Global Union. A Contraf-CUT, uma das anfitri\u00e3s do evento, participa com uma delega\u00e7\u00e3o de cerca de 100 sindicalistas.<\/p>\n<p>A pauta inclui a defesa dos direitos humanos e o fortalecimento da democracia, com a participa\u00e7\u00e3o dos trabalhadores e seus sindicatos e a constru\u00e7\u00e3o de alian\u00e7as com os governos progressistas, em busca de solu\u00e7\u00f5es de problemas sociais, como a diminui\u00e7\u00e3o da pobreza e da desigualdade, a luta contra o racismo e outras formas de discrimina\u00e7\u00e3o.<\/p>\n<h3><strong>UNI Am\u00e9ricas<\/strong><\/h3>\n<p>Com sede em Montevid\u00e9u, a UNI Am\u00e9ricas, \u00e0 qual a Contraf-CUT \u00e9 filiada, \u00e9 o bra\u00e7o regional da UNI Global Union, que representa 20 milh\u00f5es de trabalhadores em 150 pa\u00edses, nos setores de finan\u00e7as, meios e entretenimento, esportes, cuidados, limpeza, seguran\u00e7a, com\u00e9rcio, cassinos, servi\u00e7os postais, gr\u00e1fica e embalagem e telecomunica\u00e7\u00f5es.<\/p>\n<p><strong>Fonte: Contraf-CUT<\/strong><\/p>\n","protected":false},"excerpt":{"rendered":"<p>A 5\u00aa Confer\u00eancia Tem\u00e1tica da UNI Am\u00e9ricas teve hoje sua abertura oficial, com foco no debate sobre o fortalecimento da democracia e dos governos progressistas no continente latino-americano. O encontro teve a participa\u00e7\u00e3o, de modo presencial e remoto, de grandes lideran\u00e7as pol\u00edticas, como o presidente da Argentina, Alberto Fern\u00e1ndez; a ministra do Trabalho da Espanha, [&hellip;]<\/p>\n","protected":false},"author":2,"featured_media":12744,"comment_status":"","ping_status":"","sticky":false,"template":"","format":"standard","meta":{"footnotes":""},"categories":[3],"tags":[],"class_list":["post-12745","post","type-post","status-publish","format-standard","has-post-thumbnail","hentry","category-noticias"],"_links":{"self":[{"href":"https:\/\/hostnetart.com.br\/baixada\/wp-json\/wp\/v2\/posts\/12745","targetHints":{"allow":["GET"]}}],"collection":[{"href":"https:\/\/hostnetart.com.br\/baixada\/wp-json\/wp\/v2\/posts"}],"about":[{"href":"https:\/\/hostnetart.com.br\/baixada\/wp-json\/wp\/v2\/types\/post"}],"author":[{"embeddable":true,"href":"https:\/\/hostnetart.com.br\/baixada\/wp-json\/wp\/v2\/users\/2"}],"replies":[{"embeddable":true,"href":"https:\/\/hostnetart.com.br\/baixada\/wp-json\/wp\/v2\/comments?post=12745"}],"version-history":[{"count":0,"href":"https:\/\/hostnetart.com.br\/baixada\/wp-json\/wp\/v2\/posts\/12745\/revisions"}],"wp:featuredmedia":[{"embeddable":true,"href":"https:\/\/hostnetart.com.br\/baixada\/wp-json\/wp\/v2\/media\/12744"}],"wp:attachment":[{"href":"https:\/\/hostnetart.com.br\/baixada\/wp-json\/wp\/v2\/media?parent=12745"}],"wp:term":[{"taxonomy":"category","embeddable":true,"href":"https:\/\/hostnetart.com.br\/baixada\/wp-json\/wp\/v2\/categories?post=12745"},{"taxonomy":"post_tag","embeddable":true,"href":"https:\/\/hostnetart.com.br\/baixada\/wp-json\/wp\/v2\/tags?post=12745"}],"curies":[{"name":"wp","href":"https:\/\/api.w.org\/{rel}","templated":true}]}}