{"id":12743,"date":"2022-06-29T21:12:31","date_gmt":"2022-06-30T00:12:31","guid":{"rendered":"https:\/\/hostnetart.com.br\/baixada\/presidente-da-caixa-entrega-carta-de-demissao-mas-nega-acusacoes-de-assedio-sexual\/"},"modified":"2022-06-29T21:12:31","modified_gmt":"2022-06-30T00:12:31","slug":"presidente-da-caixa-entrega-carta-de-demissao-mas-nega-acusacoes-de-assedio-sexual","status":"publish","type":"post","link":"https:\/\/hostnetart.com.br\/baixada\/presidente-da-caixa-entrega-carta-de-demissao-mas-nega-acusacoes-de-assedio-sexual\/","title":{"rendered":"Presidente da Caixa entrega carta de demiss\u00e3o, mas nega acusa\u00e7\u00f5es de ass\u00e9dio sexual"},"content":{"rendered":"<div class=\"mc-column content-text active-extra-styles active-capital-letter\" data-block-type=\"unstyled\" data-block-weight=\"34\" data-block-id=\"1\">\n<p class=\"content-text__container theme-color-primary-first-letter\" data-track-category=\"Link no Texto\" data-track-links=\"\">Alvo de\u00a0<a href=\"https:\/\/g1.globo.com\/df\/distrito-federal\/noticia\/2022\/06\/29\/funcionarias-da-caixa-fazem-protesto-contra-pedro-guimaraes-na-sede-do-banco-em-brasilia.ghtml\">den\u00fancias de ass\u00e9dio sexual<\/a>, o presidente da Caixa Econ\u00f4mica Federal, Pedro Guimar\u00e3es, entregou nesta quarta-feira (29) ao presidente\u00a0<a href=\"https:\/\/g1.globo.com\/politica\/politico\/jair-bolsonaro\/\">Jair Bolsonaro<\/a>\u00a0uma carta de demiss\u00e3o (<em>leia a \u00edntegra ao final desta reportagem<\/em>).<\/p>\n<\/div>\n<div class=\"wall protected-content\">\n<div class=\"mc-column content-text active-extra-styles \" data-block-type=\"unstyled\" data-block-weight=\"32\" data-block-id=\"2\">\n<p class=\"content-text__container \" data-track-category=\"Link no Texto\" data-track-links=\"\">Na carta, Guimar\u00e3es nega as\u00a0<a href=\"https:\/\/g1.globo.com\/politica\/noticia\/2022\/06\/29\/nesses-abracos-o-braco-escapava-e-tocava-no-seio-nas-partes-intimas-veja-relatos-de-assedio-contra-o-presidente-da-caixa.ghtml\">acusa\u00e7\u00f5es de v\u00e1rias funcion\u00e1rias da Caixa que apontaram situa\u00e7\u00f5es de ass\u00e9dio<\/a>. O caso \u00e9 investigado pelo Minist\u00e9rio P\u00fablico Federal. O\u00a0<a href=\"https:\/\/g1.globo.com\/politica\/noticia\/2022\/06\/29\/ministerio-publico-do-trabalho-no-df-abre-apuracao-sobre-denuncias-de-que-o-presidente-da-caixa-praticou-assedio-sexual.ghtml\">Minist\u00e9rio P\u00fablico do Trabalho tamb\u00e9m vai apurar<\/a>.\u00a0<\/p>\n<\/div>\n<div class=\"bs-video-block mc-column  content-media content-video\" data-block-type=\"backstage-video\" data-block-id=\"3\">\n<div class=\"content-media__container\">\n<p class=\"content-media__description\"><span style=\"text-decoration: underline;\">Presidente da Caixa \u00e9 acusado de ass\u00e9dio sexual por cinco funcion\u00e1rias<\/span><\/p>\n<\/div>\n<\/div>\n<div class=\"mc-column content-text active-extra-styles \" data-block-type=\"unstyled\" data-block-weight=\"44\" data-block-id=\"4\">\n<p class=\"content-text__container \" data-track-category=\"Link no Texto\" data-track-links=\"\">&#8220;As acusa\u00e7\u00f5es noticiadas n\u00e3o s\u00e3o verdadeiras! Repito: as acusa\u00e7\u00f5es n\u00e3o s\u00e3o verdadeiras e n\u00e3o refletem a minha postura profissional e nem pessoal. Tenho a plena certeza de que estas acusa\u00e7\u00f5es n\u00e3o se sustentar\u00e3o ao passar por uma avalia\u00e7\u00e3o t\u00e9cnica e isenta&#8221;, escreveu Pedro Guimar\u00e3es.<\/p>\n<\/div>\n<div class=\"mc-column content-text active-extra-styles \" data-block-type=\"unstyled\" data-block-weight=\"30\" data-block-id=\"6\">\n<p class=\"content-text__container \" data-track-category=\"Link no Texto\" data-track-links=\"\">Na carta, o presidente da Caixa se diz alvo de &#8220;rancor pol\u00edtico em um ano eleitoral&#8221;. Segundo ele, o objetivo da demiss\u00e3o \u00e9 &#8220;n\u00e3o prejudicar a institui\u00e7\u00e3o ou o governo&#8221;.<\/p>\n<\/div>\n<div class=\"mc-column content-text active-extra-styles \" data-block-type=\"unstyled\" data-block-weight=\"95\" data-block-id=\"7\">\n<p class=\"content-text__container \" data-track-category=\"Link no Texto\" data-track-links=\"\">&#8220;N\u00e3o posso prejudicar a institui\u00e7\u00e3o ou o governo sendo um alvo para o rancor pol\u00edtico em um ano eleitoral. Se foi o prop\u00f3sito de colaborar que me fez aceitar o honroso desafio de presidir com integridade absoluta a CAIXA, \u00e9 com o mesmo prop\u00f3sito de colabora\u00e7\u00e3o que tenho de me afastar neste momento para n\u00e3o esmorecer o acervo de realiza\u00e7\u00f5es que n\u00e3o pertence a mim pessoalmente, pertence a toda a equipe que valorosamente pertence \u00e0 CAIXA e tamb\u00e9m ao apoio de todos as horas que sempre recebi do Senhor Presidente da Rep\u00fablica, Jair Bolsonaro&#8221;, escreveu.<\/p>\n<\/div>\n<div class=\"mc-column content-text active-extra-styles \" data-block-type=\"unstyled\" data-block-weight=\"33\" data-block-id=\"8\">\n<p class=\"content-text__container \" data-track-category=\"Link no Texto\" data-track-links=\"\">Ele se disse atingido pelas acusa\u00e7\u00f5es antes de poder apresentar argumentos para se defender. &#8220;\u00c9 uma situa\u00e7\u00e3o cruel, injusta, desigual e que ser\u00e1 corrigida na hora certa com a for\u00e7a da verdade&#8221;, afirmou.<\/p>\n<\/div>\n<div class=\"mc-column content-text active-extra-styles \" data-block-type=\"unstyled\" data-block-weight=\"36\" data-block-id=\"9\">\n<p class=\"content-text__container \" data-track-category=\"Link no Texto\" data-track-links=\"\">Pedro Guimar\u00e3es estava no cargo desde o in\u00edcio do governo. Ele \u00e9 considerado\u00a0<a href=\"https:\/\/g1.globo.com\/economia\/noticia\/2022\/06\/29\/veja-quem-e-pedro-guimaraes-presidente-da-caixa-com-o-cargo-ameacado-apos-denuncias-de-assedio-sexual.ghtml\">um dos principais colaboradores de Bolsonaro\u00a0<\/a>e fez v\u00e1rias apari\u00e7\u00f5es durante as transmiss\u00f5es ao vivo semanais que o presidente faz por redes sociais.<\/p>\n<\/div>\n<div class=\"row medium-uncollapsed content-media content-photo\" data-block-type=\"backstage-photo\" data-block-id=\"10\">\n<div class=\"mc-column content-media__container\">\n<div class=\"content-media-container glb-skeleton-box\">\n<figure class=\"content-media-figure\"><img decoding=\"async\" class=\"i-amphtml-fill-content i-amphtml-replaced-content\" src=\"https:\/\/s2.glbimg.com\/tnhFdMRoG-ov87GfioSI1ujfjr0=\/0x0:2048x1365\/984x0\/smart\/filters:strip_icc()\/i.s3.glbimg.com\/v1\/AUTH_59edd422c0c84a879bd37670ae4f538a\/internal_photos\/bs\/2022\/l\/k\/KGq3ILTlSh75BPiyWOlA\/pedro-guimaraes.jpg\" sizes=\"(max-width: 1366px) 648px, 100vw\" srcset=\"https:\/\/s2.glbimg.com\/VhK6PGb2lXd1CKO4LmfzB7rC9xI=\/0x0:2048x1365\/1000x0\/smart\/filters:strip_icc()\/i.s3.glbimg.com\/v1\/AUTH_59edd422c0c84a879bd37670ae4f538a\/internal_photos\/bs\/2022\/l\/k\/KGq3ILTlSh75BPiyWOlA\/pedro-guimaraes.jpg 1000w, https:\/\/s2.glbimg.com\/tnhFdMRoG-ov87GfioSI1ujfjr0=\/0x0:2048x1365\/984x0\/smart\/filters:strip_icc()\/i.s3.glbimg.com\/v1\/AUTH_59edd422c0c84a879bd37670ae4f538a\/internal_photos\/bs\/2022\/l\/k\/KGq3ILTlSh75BPiyWOlA\/pedro-guimaraes.jpg 984w, https:\/\/s2.glbimg.com\/QsekRZJMk7DEmph5KFMMJKweZus=\/0x0:2048x1365\/640x0\/smart\/filters:strip_icc()\/i.s3.glbimg.com\/v1\/AUTH_59edd422c0c84a879bd37670ae4f538a\/internal_photos\/bs\/2022\/l\/k\/KGq3ILTlSh75BPiyWOlA\/pedro-guimaraes.jpg 640w, https:\/\/s2.glbimg.com\/I3injv4LgGYFFTLAjio5XcmlKlM=\/0x0:2048x1365\/600x0\/smart\/filters:strip_icc()\/i.s3.glbimg.com\/v1\/AUTH_59edd422c0c84a879bd37670ae4f538a\/internal_photos\/bs\/2022\/l\/k\/KGq3ILTlSh75BPiyWOlA\/pedro-guimaraes.jpg 600w\" alt=\"O presidente da Caixa, Pedro Guimar\u00e3es, e o presidente Jair Bolsonaro em imagem de maio de 2019 \u2014 Foto:  Isac N\u00f3brega\/PR\" \/><\/figure>\n<\/div>\n<p class=\"content-media__description \"><em>O presidente da Caixa, Pedro Guimar\u00e3es, e o presidente Jair Bolsonaro em imagem de maio de 2019 \u2014 Foto: Isac N\u00f3brega\/PR<\/em><\/p>\n<\/div>\n<\/div>\n<div class=\"content-ads content-ads--reveal\" data-block-type=\"ads\" data-block-id=\"11\">\u00a0Pela manh\u00e3, em\u00a0<a href=\"https:\/\/g1.globo.com\/politica\/noticia\/2022\/06\/29\/apos-denuncia-de-assedio-sexual-presidente-da-caixa-discursa-em-evento-e-diz-que-tem-a-vida-pautada-pela-etica.ghtml\">discurso durante um evento do banco registrado em v\u00eddeo<\/a>\u00a0divulgado pela r\u00e1dio CBN em uma rede social, Guimar\u00e3es, sem se referir diretamente \u00e0s acusa\u00e7\u00f5es, disse que tem a vida &#8220;pautada pela \u00e9tica&#8221;.<\/div>\n<div class=\"mc-column content-text active-extra-styles \" data-block-type=\"unstyled\" data-block-weight=\"32\" data-block-id=\"13\">\n<p class=\"content-text__container \" data-track-category=\"Link no Texto\" data-track-links=\"\">&#8220;Eu quero agradecer a presen\u00e7a de todos voc\u00eas, a minha esposa. Acho que de uma maneira muito clara&#8230; S\u00e3o quase 20 anos juntos, dois filhos, uma vida inteira pautada pela \u00e9tica&#8221;, afirmou.<\/p>\n<\/div>\n<div class=\"mc-column content-text active-extra-styles \" data-block-type=\"unstyled\" data-block-weight=\"32\" data-block-id=\"14\">\n<p class=\"content-text__container \" data-track-category=\"Link no Texto\" data-track-links=\"\">Ao site Metr\u00f3poles, o primeiro a divulgar o caso, a Caixa informou n\u00e3o ter conhecimento das den\u00fancias apresentadas e disse adotar &#8220;medidas de elimina\u00e7\u00e3o de condutas relacionadas a qualquer tipo de ass\u00e9dio&#8221;.\u00a0<\/p>\n<\/div>\n<div class=\"mc-column content-text active-extra-styles\" data-block-type=\"raw\" data-block-weight=\"3\" data-block-id=\"16\">\n<div class=\"content-intertitle\">\n<h2><span style=\"text-decoration: underline;\">\u00cdntegra da carta<\/span><\/h2>\n<\/div>\n<p>Leia abaixo a \u00edntegra da carta de demiss\u00e3o que o presidente da Caixa Econ\u00f4mica Federal entregou nesta quarta-feira (29) ao presidente Jair Bolsonaro.<\/p>\n<\/div>\n<div class=\"mc-column content-text active-extra-styles \" data-block-type=\"unstyled\" data-block-weight=\"12\" data-block-id=\"19\">\n<p class=\"content-text__container \" data-track-category=\"Link no Texto\" data-track-links=\"\"><em>\u00c0 popula\u00e7\u00e3o brasileira e, em especial, aos colaboradores e clientes da CAIXA:<\/em><\/p>\n<\/div>\n<div class=\"mc-column content-text active-extra-styles \" data-block-type=\"unstyled\" data-block-weight=\"57\" data-block-id=\"20\">\n<p class=\"content-text__container \" data-track-category=\"Link no Texto\" data-track-links=\"\"><em>A partir de uma avalanche de not\u00edcias e informa\u00e7\u00f5es equivocadas, minha esposa, meus dois filhos, meu casamento de 18 anos e eu fomos atingidos por diversas acusa\u00e7\u00f5es feitas antes que se possa contrapor um m\u00ednimo de argumentos de defesa. \u00c9 uma situa\u00e7\u00e3o cruel, injusta, desigual e que ser\u00e1 corrigida na hora certa com a for\u00e7a da verdade.<\/em><\/p>\n<\/div>\n<div class=\"mc-column content-text active-extra-styles \" data-block-type=\"unstyled\" data-block-weight=\"51\" data-block-id=\"21\">\n<p class=\"content-text__container \" data-track-category=\"Link no Texto\" data-track-links=\"\"><em>Foi indicada a exist\u00eancia de um inqu\u00e9rito sigiloso instaurado no Minist\u00e9rio P\u00fablico Federal, objetivando apurar den\u00fancias de casos de ass\u00e9dio sexual, no qual eu seria supostamente investigado. Diante do conte\u00fado das acusa\u00e7\u00f5es pessoais, graves e que atingem diretamente a minha imagem, al\u00e9m da de minha fam\u00edlia, venho a p\u00fablico me manifestar.<\/em><\/p>\n<\/div>\n<div class=\"mc-column content-text active-extra-styles \" data-block-type=\"unstyled\" data-block-weight=\"66\" data-block-id=\"22\">\n<p class=\"content-text__container \" data-track-category=\"Link no Texto\" data-track-links=\"\"><em>Ao longo dos \u00faltimos anos, desde a assun\u00e7\u00e3o da Presid\u00eancia da CAIXA, tenho me dedicado ao desenvolvimento de um trabalho de gest\u00e3o que prima pela garantia da igualdade de g\u00eaneros, tendo como um de seus principais pilares o reconhecimento da relev\u00e2ncia da lideran\u00e7a feminina em todos os n\u00edveis da empresa, buscando o desenvolvimento de rela\u00e7\u00f5es respeitosas no ambiente de trabalho e por meio de meritocracia.<\/em><\/p>\n<\/div>\n<div class=\"mc-column content-text active-extra-styles \" data-block-type=\"unstyled\" data-block-weight=\"72\" data-block-id=\"24\">\n<p class=\"content-text__container \" data-track-category=\"Link no Texto\" data-track-links=\"\"><em>Como resultados diretos, al\u00e9m das muitas premia\u00e7\u00f5es recebidas, a CAIXA foi certificada na 6\u00aa edi\u00e7\u00e3o do Programa Pr\u00f3-Equidade de G\u00eanero e Ra\u00e7a, do Minist\u00e9rio da Mulher, da Fam\u00edlia e dos Direitos Humanos (MMFDH), al\u00e9m tamb\u00e9m de ter recebido o selo de Melhor Empresa para Trabalhar em 2021 \u2013 Great Place To Work\u00ae\ufe0f, por exigir de seus agentes e colaboradores, em todos os n\u00edveis, a observ\u00e2ncia dos pilares Credibilidade, Respeito, Imparcialidade e Orgulho.<\/em><\/p>\n<\/div>\n<div class=\"mc-column content-text active-extra-styles \" data-block-type=\"unstyled\" data-block-weight=\"37\" data-block-id=\"25\">\n<p class=\"content-text__container \" data-track-category=\"Link no Texto\" data-track-links=\"\"><em>Essas s\u00e3o apenas algumas das importantes conquistas realizadas nesse trabalho, sempre pautado pela vis\u00e3o do respeito, da igualdade, da regularidade e da meritocracia, buscando oferecer o melhor resultado para a sociedade brasileira em todas as nossas atividades.<\/em><\/p>\n<\/div>\n<div class=\"mc-column content-text active-extra-styles \" data-block-type=\"unstyled\" data-block-weight=\"63\" data-block-id=\"26\">\n<p class=\"content-text__container \" data-track-category=\"Link no Texto\" data-track-links=\"\"><em>Na atua\u00e7\u00e3o como Presidente da CAIXA, sempre me empenhei no combate a toda forma de ass\u00e9dio, repelindo toda e qualquer forma de viol\u00eancia, em quaisquer de suas poss\u00edveis configura\u00e7\u00f5es. A ascens\u00e3o profissional sempre decorre, em minha forma de ver, da capacidade e do merecimento, e nunca como qualquer possibilidade de troca de favores ou de pagamento por qualquer vantagem que possa ser oferecida.<\/em><\/p>\n<\/div>\n<div class=\"mc-column content-text active-extra-styles \" data-block-type=\"unstyled\" data-block-weight=\"41\" data-block-id=\"27\">\n<p class=\"content-text__container \" data-track-category=\"Link no Texto\" data-track-links=\"\"><em>As acusa\u00e7\u00f5es noticiadas n\u00e3o s\u00e3o verdadeiras! Repito: as acusa\u00e7\u00f5es n\u00e3o s\u00e3o verdadeiras e n\u00e3o refletem a minha postura profissional e nem pessoal. Tenho a plena certeza de que estas acusa\u00e7\u00f5es n\u00e3o se sustentar\u00e3o ao passar por uma avalia\u00e7\u00e3o t\u00e9cnica e isenta.<\/em><\/p>\n<\/div>\n<div class=\"mc-column content-text active-extra-styles \" data-block-type=\"unstyled\" data-block-weight=\"95\" data-block-id=\"29\">\n<p class=\"content-text__container \" data-track-category=\"Link no Texto\" data-track-links=\"\"><em>Todavia, n\u00e3o posso prejudicar a institui\u00e7\u00e3o ou o governo sendo um alvo para o rancor pol\u00edtico em um ano eleitoral. Se foi o prop\u00f3sito de colaborar que me fez aceitar o honroso desafio de presidir com integridade absoluta a CAIXA, \u00e9 com o mesmo prop\u00f3sito de colabora\u00e7\u00e3o que tenho de me afastar neste momento para n\u00e3o esmorecer o acervo de realiza\u00e7\u00f5es que n\u00e3o pertence a mim pessoalmente, pertence a toda a equipe que valorosamente pertence \u00e0 CAIXA e tamb\u00e9m ao apoio de todos as horas que sempre recebi do Senhor Presidente da Rep\u00fablica, Jair Bolsonaro.<\/em><\/p>\n<\/div>\n<div class=\"mc-column content-text active-extra-styles \" data-block-type=\"unstyled\" data-block-weight=\"24\" data-block-id=\"30\">\n<p class=\"content-text__container \" data-track-category=\"Link no Texto\" data-track-links=\"\"><em>Junto-me \u00e0 minha fam\u00edlia para me defender das perversidades lan\u00e7adas contra mim, com o cora\u00e7\u00e3o tranquilo daqueles que n\u00e3o temem o que n\u00e3o fizeram.<\/em><\/p>\n<\/div>\n<div class=\"mc-column content-text active-extra-styles \" data-block-type=\"unstyled\" data-block-weight=\"11\" data-block-id=\"31\">\n<p class=\"content-text__container \" data-track-category=\"Link no Texto\" data-track-links=\"\"><em>Por fim, registro a minha confian\u00e7a de que a verdade prevalecer\u00e1.<\/em><\/p>\n<\/div>\n<div class=\"mc-column content-text active-extra-styles \" data-block-type=\"unstyled\" data-block-weight=\"2\" data-block-id=\"32\">\n<p class=\"content-text__container \" data-track-category=\"Link no Texto\" data-track-links=\"\"><em>Pedro Guimar\u00e3es<\/em><\/p>\n<p class=\"content-text__container \" data-track-category=\"Link no Texto\" data-track-links=\"\"><strong>Fonte: G1<\/strong><\/p>\n<\/div>\n<\/div>\n","protected":false},"excerpt":{"rendered":"<p>Alvo de\u00a0den\u00fancias de ass\u00e9dio sexual, o presidente da Caixa Econ\u00f4mica Federal, Pedro Guimar\u00e3es, entregou nesta quarta-feira (29) ao presidente\u00a0Jair Bolsonaro\u00a0uma carta de demiss\u00e3o (leia a \u00edntegra ao final desta reportagem). Na carta, Guimar\u00e3es nega as\u00a0acusa\u00e7\u00f5es de v\u00e1rias funcion\u00e1rias da Caixa que apontaram situa\u00e7\u00f5es de ass\u00e9dio. O caso \u00e9 investigado pelo Minist\u00e9rio P\u00fablico Federal. O\u00a0Minist\u00e9rio P\u00fablico [&hellip;]<\/p>\n","protected":false},"author":2,"featured_media":12742,"comment_status":"","ping_status":"","sticky":false,"template":"","format":"standard","meta":{"footnotes":""},"categories":[3],"tags":[],"class_list":["post-12743","post","type-post","status-publish","format-standard","has-post-thumbnail","hentry","category-noticias"],"_links":{"self":[{"href":"https:\/\/hostnetart.com.br\/baixada\/wp-json\/wp\/v2\/posts\/12743","targetHints":{"allow":["GET"]}}],"collection":[{"href":"https:\/\/hostnetart.com.br\/baixada\/wp-json\/wp\/v2\/posts"}],"about":[{"href":"https:\/\/hostnetart.com.br\/baixada\/wp-json\/wp\/v2\/types\/post"}],"author":[{"embeddable":true,"href":"https:\/\/hostnetart.com.br\/baixada\/wp-json\/wp\/v2\/users\/2"}],"replies":[{"embeddable":true,"href":"https:\/\/hostnetart.com.br\/baixada\/wp-json\/wp\/v2\/comments?post=12743"}],"version-history":[{"count":0,"href":"https:\/\/hostnetart.com.br\/baixada\/wp-json\/wp\/v2\/posts\/12743\/revisions"}],"wp:featuredmedia":[{"embeddable":true,"href":"https:\/\/hostnetart.com.br\/baixada\/wp-json\/wp\/v2\/media\/12742"}],"wp:attachment":[{"href":"https:\/\/hostnetart.com.br\/baixada\/wp-json\/wp\/v2\/media?parent=12743"}],"wp:term":[{"taxonomy":"category","embeddable":true,"href":"https:\/\/hostnetart.com.br\/baixada\/wp-json\/wp\/v2\/categories?post=12743"},{"taxonomy":"post_tag","embeddable":true,"href":"https:\/\/hostnetart.com.br\/baixada\/wp-json\/wp\/v2\/tags?post=12743"}],"curies":[{"name":"wp","href":"https:\/\/api.w.org\/{rel}","templated":true}]}}