{"id":12741,"date":"2022-06-29T16:01:46","date_gmt":"2022-06-29T19:01:46","guid":{"rendered":"https:\/\/hostnetart.com.br\/baixada\/fetraf-rj-es-se-reune-com-representantes-do-banco-do-brasil\/"},"modified":"2022-06-29T16:01:46","modified_gmt":"2022-06-29T19:01:46","slug":"fetraf-rj-es-se-reune-com-representantes-do-banco-do-brasil","status":"publish","type":"post","link":"https:\/\/hostnetart.com.br\/baixada\/fetraf-rj-es-se-reune-com-representantes-do-banco-do-brasil\/","title":{"rendered":"Fetraf RJ\/ES se re\u00fane com representantes do Banco do Brasil"},"content":{"rendered":"<p>Nesta quarta-feira, 29 de junho, ocorreu uma reuni\u00e3o entre representantes dos Sindicatos dos Banc\u00e1rios de base da\u00a0Federa\u00e7\u00e3o dos Trabalhadores do Ramo Financeiro dos Estados do Rio de Janeiro e Esp\u00edrito Santo (Fetraf RJ\/ES) e representantes da GEPES (Ger\u00eancia de Pessoas) do Banco do Brasil.<\/p>\n<p>Leandro Aresta, Diretor do Sindicato dos Banc\u00e1rios da Baixada Fluminense, esteve presente e representou a entidade.<\/p>\n<p>Foram abordados e questionados os crit\u00e9rios utilizados para os descomissionamentos, como foram realizadas as an\u00e1lises das GDP (Gest\u00e3o de Desempenho Profissional), tendo sido esclarecido que s\u00e3o elaborados pela DIPES (Diretoria de Pessoas), localizada em Bras\u00edlia.<\/p>\n<p>A reuni\u00e3o ocorreu no SEDAN (pr\u00e9dio sede, onde se encontram v\u00e1rios departamentos do Banco do Brasil), no Centro do Rio de Janeiro, para esclarecer os crit\u00e9rios utilizados pelo banco, no m\u00eas de junho, e questionar a situa\u00e7\u00e3o dos funcion\u00e1rios que se encontram como excesso de dota\u00e7\u00e3o na Unidade onde eram comissionados.<\/p>\n<p>&#8220;Fizemos quest\u00e3o de colocar para os representantes do banco que priorizamos sempre o di\u00e1logo, na tentativa de evitarmos a\u00e7\u00f5es jur\u00eddicas. Vemos como positiva a reuni\u00e3o e esperamos, em breve, um retorno satisfat\u00f3rio&#8221;, declarou Nilton Dami\u00e3o Esperan\u00e7a, Presidente da Fetraf RJ\/ES.<\/p>\n<p>Os dirigentes sindicais tamb\u00e9m citaram as den\u00fancias de ass\u00e9dio que t\u00eam recebido, inclusive, atrav\u00e9s de aplicativos de mensagens, como o WhatsApp.<\/p>\n<p>Segundo os representantes do banco, &#8220;os gestores n\u00e3o s\u00e3o orientados a praticar ass\u00e9dios atrav\u00e9s de mensagens de WhatsApp, ou de qualquer outra forma&#8221;.<\/p>\n<p>Hudson Bretas, Presidente do Sindicato dos Banc\u00e1rios de Itaperuna e Regi\u00e3o, citou a import\u00e2ncia das entidades sindicais, neste momento.<\/p>\n<p>&#8220;Quando banc\u00e1rias e banc\u00e1rios sentirem-se assediados de alguma ou qualquer maneira, a orienta\u00e7\u00e3o \u00e9 para que procurem o Sindicato dos Banc\u00e1rios de sua regi\u00e3o, para que sejam acolhidos de todas as formas, e para que busquem solu\u00e7\u00f5es e procedimentos em conjunto.&#8221;<\/p>\n<p>PDG<\/p>\n<p>Quanto ao Programa de Desempenho Gratificado (PDG), foi esclarecido que ele pode ser utilizado como elemento de avalia\u00e7\u00e3o para ascens\u00e3o funcional, desde que n\u00e3o seja o \u00fanico elemento observado pelo banco.<\/p>\n<p><img fetchpriority=\"high\" decoding=\"async\" class=\"alignnone size-full wp-image-18888\" src=\"https:\/\/fetrafrjes.org.br\/wp-content\/uploads\/2022\/06\/fetraf-bb.jpg\" alt=\"\" width=\"1024\" height=\"461\" \/><\/p>\n<p>MACA\u00c9<\/p>\n<p>O Sindicato dos Banc\u00e1rios de Maca\u00e9 e Regi\u00e3o protocolou um of\u00edcio espec\u00edfico, onde solicita provid\u00eancias quanto a falta de credenciamento de hospitais da rede privada, por parte da Cassi, no munic\u00edpio de Maca\u00e9.<\/p>\n<p>&#8220;Os funcion\u00e1rios do Banco do Brasil n\u00e3o possuem este tipo de atendimento. N\u00e3o \u00e9 aceit\u00e1vel que uma pra\u00e7a como Maca\u00e9, n\u00e3o tenha um hospital da rede privada que seja credenciado pela Cassi. Reiteramos a necessidade de que os funcion\u00e1rios de nossa base, sejam contemplados por este credenciamento que atenda as demandas de sa\u00fade da categoria&#8221;, declarou Paulo Alves, Presidente do Sindicato dos Banc\u00e1rios de Maca\u00e9 e Regi\u00e3o.<\/p>\n<p><img decoding=\"async\" class=\"alignnone size-full wp-image-18889\" src=\"https:\/\/fetrafrjes.org.br\/wp-content\/uploads\/2022\/06\/fetraf-bb-macae.jpg\" alt=\"\" width=\"1200\" height=\"1600\" \/><\/p>\n<p><strong>Fonte: Fetraf RJ\/ES<\/strong><\/p>\n","protected":false},"excerpt":{"rendered":"<p>Nesta quarta-feira, 29 de junho, ocorreu uma reuni\u00e3o entre representantes dos Sindicatos dos Banc\u00e1rios de base da\u00a0Federa\u00e7\u00e3o dos Trabalhadores do Ramo Financeiro dos Estados do Rio de Janeiro e Esp\u00edrito Santo (Fetraf RJ\/ES) e representantes da GEPES (Ger\u00eancia de Pessoas) do Banco do Brasil. Leandro Aresta, Diretor do Sindicato dos Banc\u00e1rios da Baixada Fluminense, esteve [&hellip;]<\/p>\n","protected":false},"author":2,"featured_media":12740,"comment_status":"","ping_status":"","sticky":false,"template":"","format":"standard","meta":{"footnotes":""},"categories":[3],"tags":[],"class_list":["post-12741","post","type-post","status-publish","format-standard","has-post-thumbnail","hentry","category-noticias"],"_links":{"self":[{"href":"https:\/\/hostnetart.com.br\/baixada\/wp-json\/wp\/v2\/posts\/12741","targetHints":{"allow":["GET"]}}],"collection":[{"href":"https:\/\/hostnetart.com.br\/baixada\/wp-json\/wp\/v2\/posts"}],"about":[{"href":"https:\/\/hostnetart.com.br\/baixada\/wp-json\/wp\/v2\/types\/post"}],"author":[{"embeddable":true,"href":"https:\/\/hostnetart.com.br\/baixada\/wp-json\/wp\/v2\/users\/2"}],"replies":[{"embeddable":true,"href":"https:\/\/hostnetart.com.br\/baixada\/wp-json\/wp\/v2\/comments?post=12741"}],"version-history":[{"count":0,"href":"https:\/\/hostnetart.com.br\/baixada\/wp-json\/wp\/v2\/posts\/12741\/revisions"}],"wp:featuredmedia":[{"embeddable":true,"href":"https:\/\/hostnetart.com.br\/baixada\/wp-json\/wp\/v2\/media\/12740"}],"wp:attachment":[{"href":"https:\/\/hostnetart.com.br\/baixada\/wp-json\/wp\/v2\/media?parent=12741"}],"wp:term":[{"taxonomy":"category","embeddable":true,"href":"https:\/\/hostnetart.com.br\/baixada\/wp-json\/wp\/v2\/categories?post=12741"},{"taxonomy":"post_tag","embeddable":true,"href":"https:\/\/hostnetart.com.br\/baixada\/wp-json\/wp\/v2\/tags?post=12741"}],"curies":[{"name":"wp","href":"https:\/\/api.w.org\/{rel}","templated":true}]}}