{"id":12737,"date":"2022-06-29T13:27:43","date_gmt":"2022-06-29T16:27:43","guid":{"rendered":"https:\/\/hostnetart.com.br\/baixada\/movimento-sindical-se-reune-com-representantes-do-mercantil-para-tratar-sobre-fechamento-de-agencias-no-rj\/"},"modified":"2022-06-29T13:27:43","modified_gmt":"2022-06-29T16:27:43","slug":"movimento-sindical-se-reune-com-representantes-do-mercantil-para-tratar-sobre-fechamento-de-agencias-no-rj","status":"publish","type":"post","link":"https:\/\/hostnetart.com.br\/baixada\/movimento-sindical-se-reune-com-representantes-do-mercantil-para-tratar-sobre-fechamento-de-agencias-no-rj\/","title":{"rendered":"Movimento Sindical se re\u00fane com representantes do Mercantil para tratar sobre fechamento de ag\u00eancias no RJ"},"content":{"rendered":"<p>Na \u00faltima ter\u00e7a-feira, 28 de junho, o Movimento Sindical Banc\u00e1rio se reuniu virtualmente com representantes do Banco Mercantil do Brasil, para tratar sobre o encerramento das atividades no Estado do Rio de Janeiro e, consequentemente, sobre as demiss\u00f5es de funcion\u00e1rias e funcion\u00e1rios.<\/p>\n<p>Nilton Dami\u00e3o Esperan\u00e7a, Presidente da Federac\u0327a\u0303o dos Trabalhadores do Ramo Financeiro dos Estados do Rio de Janeiro e Espi\u0301rito Santo (Fetraf RJ\/ES), e Pedro Batista, Coordenador Geral do Sindicato dos Banc\u00e1rios da Baixada Fluminense, participaram da reuni\u00e3o.<\/p>\n<p>O an\u00fancio do encerramento das atividades do Mercantil no Rio de Janeiro, depois de mais de 50 anos de atua\u00e7\u00e3o no estado, foi feito no dia 20 de junho.<\/p>\n<p>Nilton Dami\u00e3o, Presidente da Fetraf RJ\/ES, questionou a todo momento o cumprimento do mandato do banc\u00e1rio Edilson Cerqueira, que tamb\u00e9m \u00e9 Diretor da Federa\u00e7\u00e3o. &#8220;Queremos que o banco mantenha o acordado&#8221;, declarou Nilton.<\/p>\n<p>Na reuni\u00e3o, os banc\u00e1rios se posicionaram contr\u00e1rios ao fechamento das ag\u00eancias no Estado, o que ir\u00e1 prejudicar trabalhadores e, tamb\u00e9m, o p\u00fablico em geral.<\/p>\n<p>Os dirigentes sindicais solicitaram que as homologa\u00e7\u00f5es sejam suspensas, o que foi atendido. Elas est\u00e3o suspensas at\u00e9 o dia 5 de julho, quando haver\u00e1 uma reuni\u00e3o entre o movimento sindical, o Banco Mercantil e o Minist\u00e9rio P\u00fablico do Trabalho (MPT).<\/p>\n<p>O banco acenou com a possibilidade de transfer\u00eancia destes funcion\u00e1rios, desde que haja demiss\u00f5es em Belo Horizonte (MG), onde se localiza a sede da institui\u00e7\u00e3o financeira.<\/p>\n<p>Os banc\u00e1rios disseram que acham dif\u00edcil que esta proposta se concretize, j\u00e1 que houveram, tempos atr\u00e1s, solicita\u00e7\u00f5es como esta, que n\u00e3o foram atendidas.<\/p>\n<p>Pedro Batista, Coordenador Geral do Sindicato dos Banc\u00e1rios da Baixada Fluminense, comentou sobre esta proposta: &#8220;J\u00e1 tentamos em outros momentos, a transfer\u00eancia de funcion\u00e1rios, mas n\u00e3o nos atenderam. Essa proposta me parece trocar seis por meia d\u00fazia. Estaremos atentos.&#8221;<\/p>\n<p>O QUE FICOU ACERTADO<\/p>\n<p>Al\u00e9m das homologa\u00e7\u00f5es suspensas, o banco ir\u00e1 depositar as verbas rescis\u00f3rias, gradativamente.<\/p>\n<p><strong>Fonte: Fetraf RJ\/ES<\/strong><\/p>\n<p>\u00a0<\/p>\n<p>\u00a0<\/p>\n<p>\u00a0<\/p>\n","protected":false},"excerpt":{"rendered":"<p>Na \u00faltima ter\u00e7a-feira, 28 de junho, o Movimento Sindical Banc\u00e1rio se reuniu virtualmente com representantes do Banco Mercantil do Brasil, para tratar sobre o encerramento das atividades no Estado do Rio de Janeiro e, consequentemente, sobre as demiss\u00f5es de funcion\u00e1rias e funcion\u00e1rios. Nilton Dami\u00e3o Esperan\u00e7a, Presidente da Federac\u0327a\u0303o dos Trabalhadores do Ramo Financeiro dos Estados [&hellip;]<\/p>\n","protected":false},"author":2,"featured_media":12736,"comment_status":"","ping_status":"","sticky":false,"template":"","format":"standard","meta":{"footnotes":""},"categories":[3],"tags":[],"class_list":["post-12737","post","type-post","status-publish","format-standard","has-post-thumbnail","hentry","category-noticias"],"_links":{"self":[{"href":"https:\/\/hostnetart.com.br\/baixada\/wp-json\/wp\/v2\/posts\/12737","targetHints":{"allow":["GET"]}}],"collection":[{"href":"https:\/\/hostnetart.com.br\/baixada\/wp-json\/wp\/v2\/posts"}],"about":[{"href":"https:\/\/hostnetart.com.br\/baixada\/wp-json\/wp\/v2\/types\/post"}],"author":[{"embeddable":true,"href":"https:\/\/hostnetart.com.br\/baixada\/wp-json\/wp\/v2\/users\/2"}],"replies":[{"embeddable":true,"href":"https:\/\/hostnetart.com.br\/baixada\/wp-json\/wp\/v2\/comments?post=12737"}],"version-history":[{"count":0,"href":"https:\/\/hostnetart.com.br\/baixada\/wp-json\/wp\/v2\/posts\/12737\/revisions"}],"wp:featuredmedia":[{"embeddable":true,"href":"https:\/\/hostnetart.com.br\/baixada\/wp-json\/wp\/v2\/media\/12736"}],"wp:attachment":[{"href":"https:\/\/hostnetart.com.br\/baixada\/wp-json\/wp\/v2\/media?parent=12737"}],"wp:term":[{"taxonomy":"category","embeddable":true,"href":"https:\/\/hostnetart.com.br\/baixada\/wp-json\/wp\/v2\/categories?post=12737"},{"taxonomy":"post_tag","embeddable":true,"href":"https:\/\/hostnetart.com.br\/baixada\/wp-json\/wp\/v2\/tags?post=12737"}],"curies":[{"name":"wp","href":"https:\/\/api.w.org\/{rel}","templated":true}]}}