{"id":12735,"date":"2022-06-28T20:01:32","date_gmt":"2022-06-28T23:01:32","guid":{"rendered":"https:\/\/hostnetart.com.br\/baixada\/participantes-da-uni-americas-fazem-ato-de-apoio-aos-bancos-publicos\/"},"modified":"2022-06-28T20:01:32","modified_gmt":"2022-06-28T23:01:32","slug":"participantes-da-uni-americas-fazem-ato-de-apoio-aos-bancos-publicos","status":"publish","type":"post","link":"https:\/\/hostnetart.com.br\/baixada\/participantes-da-uni-americas-fazem-ato-de-apoio-aos-bancos-publicos\/","title":{"rendered":"Participantes da UNI Am\u00e9ricas fazem ato de apoio aos bancos p\u00fablicos"},"content":{"rendered":"<p>Nesta ter\u00e7a-feira, 28 de junho, sindicalistas de 24 pa\u00edses do continente americano promoveram um ato em defesa dos bancos p\u00fablicos no centro financeiro de Fortaleza, cidade que sedia o evento.<\/p>\n<p>A atividade ocorreu logo ap\u00f3s encontro tem\u00e1tico da Alian\u00e7a Latino-Americana dos Bancos P\u00fablicos, atividade preparat\u00f3ria da 5\u00aa Confer\u00eancia da UNI Am\u00e9ricas.<\/p>\n<p>Renata Soeiro, Diretora de Bancos Privados da Federac\u0327a\u0303o dos Trabalhadores do Ramo Financeiro dos Estados do Rio de Janeiro e Espi\u0301rito Santo (Fetraf RJ\/ES) e Coordenadora Geral do Sindicato dos Banc\u00e1rios da Baixada Fluminense, esteve presente.<\/p>\n<p>A presidenta da Confedera\u00e7\u00e3o Nacional dos Trabalhadores do Ramo Financeiro (Contraf-CUT), Juvandia Moreira, e a presidenta do Sindicato dos Banc\u00e1rios de S\u00e3o Paulo, Ivone Silva, tamb\u00e9m participaram do ato.<\/p>\n<p>&#8220;Estamos aqui representando os trabalhadores banc\u00e1rios de v\u00e1rios pa\u00edses que lutam por melhores condi\u00e7\u00f5es de trabalho e qualidade de vida. E, tamb\u00e9m, por mais contrata\u00e7\u00f5es e para que os Bancos P\u00fablicos continuem fortes e como um instrumento para o desenvolvimento econ\u00f4mico e social do nosso pa\u00eds&#8221;, declarou Renata Soeiro.<\/p>\n<p>A marcha passou por ag\u00eancias do Banco do Brasil, da Caixa Econ\u00f4mica Federal e do Banco do Nordeste. Em frente de cada uma foram feitas manifesta\u00e7\u00f5es, com o objetivo de mostrar a import\u00e2ncia dos bancos p\u00fablicos para o desenvolvimento econ\u00f4mico e social.<\/p>\n<p>A 5\u00aa Confer\u00eancia da UNI Am\u00e9ricas acontece na quarta (29) e na quinta-feira (30), em Fortaleza. O evento re\u00fane mais de 600 dirigentes sindicais de 24 pa\u00edses, que representam 124 organiza\u00e7\u00f5es de trabalhadores filiadas \u00e0 UNI Global Union. A Contraf-CUT, uma das anfitri\u00e3s do evento, participa com uma delega\u00e7\u00e3o de cerca de 100 sindicalistas.<\/p>\n<p><img fetchpriority=\"high\" decoding=\"async\" class=\"alignnone size-full wp-image-18854\" src=\"https:\/\/fetrafrjes.org.br\/wp-content\/uploads\/2022\/06\/Participantes-da-UNI-Americas-fazem-ato-de-apoio-aos-bancos-publicos-2.jpg\" alt=\"\" width=\"1600\" height=\"1200\" \/><\/p>\n<p><img decoding=\"async\" class=\"alignnone size-full wp-image-18860\" src=\"https:\/\/fetrafrjes.org.br\/wp-content\/uploads\/2022\/06\/Participantes-da-UNI-Americas-fazem-ato-de-apoio-aos-bancos-publicos-3.jpg\" alt=\"\" width=\"1280\" height=\"1058\" \/><\/p>\n<p><strong><em>Fonte: Fetraf RJ\/ES<\/em><\/strong><\/p>\n","protected":false},"excerpt":{"rendered":"<p>Nesta ter\u00e7a-feira, 28 de junho, sindicalistas de 24 pa\u00edses do continente americano promoveram um ato em defesa dos bancos p\u00fablicos no centro financeiro de Fortaleza, cidade que sedia o evento. A atividade ocorreu logo ap\u00f3s encontro tem\u00e1tico da Alian\u00e7a Latino-Americana dos Bancos P\u00fablicos, atividade preparat\u00f3ria da 5\u00aa Confer\u00eancia da UNI Am\u00e9ricas. Renata Soeiro, Diretora de [&hellip;]<\/p>\n","protected":false},"author":2,"featured_media":12734,"comment_status":"","ping_status":"","sticky":false,"template":"","format":"standard","meta":{"footnotes":""},"categories":[3],"tags":[],"class_list":["post-12735","post","type-post","status-publish","format-standard","has-post-thumbnail","hentry","category-noticias"],"_links":{"self":[{"href":"https:\/\/hostnetart.com.br\/baixada\/wp-json\/wp\/v2\/posts\/12735","targetHints":{"allow":["GET"]}}],"collection":[{"href":"https:\/\/hostnetart.com.br\/baixada\/wp-json\/wp\/v2\/posts"}],"about":[{"href":"https:\/\/hostnetart.com.br\/baixada\/wp-json\/wp\/v2\/types\/post"}],"author":[{"embeddable":true,"href":"https:\/\/hostnetart.com.br\/baixada\/wp-json\/wp\/v2\/users\/2"}],"replies":[{"embeddable":true,"href":"https:\/\/hostnetart.com.br\/baixada\/wp-json\/wp\/v2\/comments?post=12735"}],"version-history":[{"count":0,"href":"https:\/\/hostnetart.com.br\/baixada\/wp-json\/wp\/v2\/posts\/12735\/revisions"}],"wp:featuredmedia":[{"embeddable":true,"href":"https:\/\/hostnetart.com.br\/baixada\/wp-json\/wp\/v2\/media\/12734"}],"wp:attachment":[{"href":"https:\/\/hostnetart.com.br\/baixada\/wp-json\/wp\/v2\/media?parent=12735"}],"wp:term":[{"taxonomy":"category","embeddable":true,"href":"https:\/\/hostnetart.com.br\/baixada\/wp-json\/wp\/v2\/categories?post=12735"},{"taxonomy":"post_tag","embeddable":true,"href":"https:\/\/hostnetart.com.br\/baixada\/wp-json\/wp\/v2\/tags?post=12735"}],"curies":[{"name":"wp","href":"https:\/\/api.w.org\/{rel}","templated":true}]}}