{"id":12731,"date":"2022-06-28T14:47:15","date_gmt":"2022-06-28T17:47:15","guid":{"rendered":"https:\/\/hostnetart.com.br\/baixada\/dia-internacional-do-orgulho-lgbtqia-para-reflexao-e-respeito\/"},"modified":"2022-06-28T14:47:15","modified_gmt":"2022-06-28T17:47:15","slug":"dia-internacional-do-orgulho-lgbtqia-para-reflexao-e-respeito","status":"publish","type":"post","link":"https:\/\/hostnetart.com.br\/baixada\/dia-internacional-do-orgulho-lgbtqia-para-reflexao-e-respeito\/","title":{"rendered":"Dia Internacional do Orgulho LGBTQIA+, para reflex\u00e3o e respeito"},"content":{"rendered":"<p>Nesta ter\u00e7a-feira, 28 de junho, em todo o mundo ocorrem celebra\u00e7\u00f5es pelo Dia Internacional do Orgulho LGBTQIA+, tamb\u00e9m conhecido como Dia do Orgulho Gay. A data \u00e9 importante para a reflex\u00e3o sobre a igualdade de direitos entre as pessoas em qualquer situa\u00e7\u00e3o, o respeito \u00e0 diversidade e o combate a toda forma de discrimina\u00e7\u00e3o e, em especial, \u00e0 LGBTfobia.<\/p>\n<p>A LGBTfobia, muitas vezes referida como homofobia, \u00e9 a discrimina\u00e7\u00e3o, avers\u00e3o, \u00f3dio ou ato de agress\u00e3o, por iniciativa individual ou coletiva, baseada na cren\u00e7a preconceituosa da inferioridade das pessoas LGBTQIA+ em rela\u00e7\u00e3o \u00e0 chamada heteronormatividade, ou a forma de pensar que marginaliza os relacionamentos afetivos que n\u00e3o sejam heterossexuais.<\/p>\n<p>A secret\u00e1ria da Juventude da Confedera\u00e7\u00e3o Nacional dos Trabalhadores no Ramo Financeiro (Contraf-CUT), Bianca Garbelini, observa que \u201ca sociedade ainda \u00e9 cis-heteronormativa, ou seja, quer impor como norma quem devemos amar e como devemos nos apresentar perante ela\u201d. Para Bianca, tamb\u00e9m militante LGBTQIA+, \u201cquando uma pessoa LGBTQIA+ quebra essa norma, na quest\u00e3o afetivo-sexual ou na identidade de g\u00eanero, existe a rea\u00e7\u00e3o violenta por parte dos que n\u00e3o aceitam a diversidade. Por isso, dizemos que nossa exist\u00eancia \u00e9 pol\u00edtica, porque todos os dias resistimos \u00e0 viol\u00eancia para defender nosso direito de ser e amar quem quisermos\u201d.<\/p>\n<h3><strong>\u00c9 crime<\/strong><\/h3>\n<p>A LGBTfobia foi respons\u00e1vel por 316 mortes no Brasil, s\u00f3 em 2021, segundo\u00a0<a href=\"https:\/\/observatoriomorteseviolenciaslgbtibrasil.org\/dossie\/mortes-lgbt-2021\/#dossi%C3%AA-completo-de-mortes-e-viol%C3%AAncias-contra-lgbti+-no-Brasil-em-2021\" target=\"_blank\" rel=\"noopener noreferrer\">Dossi\u00ea de Mortes e Viol\u00eancias contra LGBTI+<\/a>, preparado pelo\u00a0<a href=\"https:\/\/observatoriomorteseviolenciaslgbtibrasil.org\/\" target=\"_blank\" rel=\"noopener noreferrer\">Observat\u00f3rio de Mortes e Viol\u00eancias LGBTI+<\/a>. O n\u00famero mostra um crescimento de 33% desse tipo de crime no per\u00edodo de um ano no pa\u00eds. As entidades ligadas \u00e0 comunidade LGBTQIA+ estimulam todos a denunciar qualquer crime por discrimina\u00e7\u00e3o ou agress\u00e3o contra vulner\u00e1veis. Um dos caminhos \u00e9 o\u00a0<a href=\"https:\/\/www.gov.br\/pt-br\/servicos\/denunciar-violacao-de-direitos-humanos\" target=\"_blank\" rel=\"noopener noreferrer\">disque 100<\/a>, do Governo Federal.<\/p>\n<p>V\u00e1rias organiza\u00e7\u00f5es que atuam em defesa dos direitos da comunidade LGBTQIA+ tamb\u00e9m possuem canais de atendimento e orienta\u00e7\u00e3o a v\u00edtimas de toda forma de viol\u00eancia, como o\u00a0<a href=\"https:\/\/grupogaydabahia.com\/\" target=\"_blank\" rel=\"noopener noreferrer\">Grupo Gay da Bahia<\/a>, a\u00a0<a href=\"https:\/\/antrabrasil.org\/\" target=\"_blank\" rel=\"noopener noreferrer\">Associa\u00e7\u00e3o Nacional de Travestis e Transexuais (Antra<\/a>) e a\u00a0<a href=\"https:\/\/www.abglt.org\/\" target=\"_blank\" rel=\"noopener noreferrer\">Associa\u00e7\u00e3o Brasileira de L\u00e9sbicas, Gays, Bissexuais, Travestis, Transexuais e Intersexos (ABGLT)<\/a>.<\/p>\n<p>Para Adilson Barros, da dire\u00e7\u00e3o executiva da Contraf-CUT, \u201csempre ser\u00e1 necess\u00e1rio falar sobre a situa\u00e7\u00e3o da comunidade LGBTQIA+, uma vez que sofremos diariamente com o preconceito, exclus\u00e3o, viola\u00e7\u00e3o de direitos e dificuldade de acesso \u00e0 educa\u00e7\u00e3o e ao mercado de trabalho\u201d. Adilson, que tamb\u00e9m \u00e9 militante LGBTQIA+, lembra que, \u201capesar da criminaliza\u00e7\u00e3o da LGBTfobia pelo Supremo Tribunal Federal, em 2019, os casos de viol\u00eancia aumentaram por aus\u00eancia de pol\u00edticas p\u00fablicas e pelo discurso de \u00f3dio vindo daqueles que preferem atacar os que pensam e desejam uma sociedade inclusiva e sem preconceito\u201d.<\/p>\n<h3><strong>Mapa da cidadania<\/strong><\/h3>\n<p>A ABGLT oferece em seu site o\u00a0<a href=\"https:\/\/www.abglt.org\/mapa-da-cidadania\" target=\"_blank\" rel=\"noopener noreferrer\">Mapa da Cidadania<\/a>, com um importante conjunto de orienta\u00e7\u00f5es e informa\u00e7\u00f5es sobre servi\u00e7os, ferramentas jur\u00eddicas e \u00f3rg\u00e3os de apoio \u00e0 diversidade sexual e de g\u00eanero, existentes em todo Brasil. O mapa \u00e9 muito organizado, objetivo e f\u00e1cil de usar: basta acessar o link acima e clicar no nome do estado onde voc\u00ea est\u00e1.<\/p>\n<h3><strong>Rebeli\u00e3o de Stonewall Inn<\/strong><\/h3>\n<p>A data de 28 de junho, como Dia do Orgulho LGBTQIA+, tem origem num ato de resist\u00eancia \u00e0 repress\u00e3o policial em 1969, no bairro Greenwich Village, de Nova York, que \u00e9 marcado pela conviv\u00eancia pac\u00edfica de diversidades \u00e9tnica e sexual. Nesse dia, o bar Stonewall Inn, voltado \u00e0 comunidade LGBTQIA+, foi alvo de uma inspe\u00e7\u00e3o por conta de seu p\u00fablico, na qual 13 pessoas foram detidas, entre funcion\u00e1rios e clientes.<\/p>\n<p>Quando uma mulher foi agredida na a\u00e7\u00e3o e pediu socorro, pessoas que circulavam pela regi\u00e3o juntaram-se para defend\u00ea-la. A rea\u00e7\u00e3o popular cresceu, e os policiais tiveram que se refugiar dentro do bar, at\u00e9 que chegasse refor\u00e7o das for\u00e7as de seguran\u00e7a. As manifesta\u00e7\u00f5es mobilizaram milhares de pessoas e seguiram na cidade por cinco dias, contra a persegui\u00e7\u00e3o policial e a discrimina\u00e7\u00e3o generalizada contra a comunidade LGBTQIA+. O epis\u00f3dio ficou conhecido como Rebeli\u00e3o de Stonewall Inn.<\/p>\n<p><strong>Fonte: Contraf-CUT<\/strong><\/p>\n","protected":false},"excerpt":{"rendered":"<p>Nesta ter\u00e7a-feira, 28 de junho, em todo o mundo ocorrem celebra\u00e7\u00f5es pelo Dia Internacional do Orgulho LGBTQIA+, tamb\u00e9m conhecido como Dia do Orgulho Gay. A data \u00e9 importante para a reflex\u00e3o sobre a igualdade de direitos entre as pessoas em qualquer situa\u00e7\u00e3o, o respeito \u00e0 diversidade e o combate a toda forma de discrimina\u00e7\u00e3o e, [&hellip;]<\/p>\n","protected":false},"author":2,"featured_media":12730,"comment_status":"","ping_status":"","sticky":false,"template":"","format":"standard","meta":{"footnotes":""},"categories":[3],"tags":[],"class_list":["post-12731","post","type-post","status-publish","format-standard","has-post-thumbnail","hentry","category-noticias"],"_links":{"self":[{"href":"https:\/\/hostnetart.com.br\/baixada\/wp-json\/wp\/v2\/posts\/12731","targetHints":{"allow":["GET"]}}],"collection":[{"href":"https:\/\/hostnetart.com.br\/baixada\/wp-json\/wp\/v2\/posts"}],"about":[{"href":"https:\/\/hostnetart.com.br\/baixada\/wp-json\/wp\/v2\/types\/post"}],"author":[{"embeddable":true,"href":"https:\/\/hostnetart.com.br\/baixada\/wp-json\/wp\/v2\/users\/2"}],"replies":[{"embeddable":true,"href":"https:\/\/hostnetart.com.br\/baixada\/wp-json\/wp\/v2\/comments?post=12731"}],"version-history":[{"count":0,"href":"https:\/\/hostnetart.com.br\/baixada\/wp-json\/wp\/v2\/posts\/12731\/revisions"}],"wp:featuredmedia":[{"embeddable":true,"href":"https:\/\/hostnetart.com.br\/baixada\/wp-json\/wp\/v2\/media\/12730"}],"wp:attachment":[{"href":"https:\/\/hostnetart.com.br\/baixada\/wp-json\/wp\/v2\/media?parent=12731"}],"wp:term":[{"taxonomy":"category","embeddable":true,"href":"https:\/\/hostnetart.com.br\/baixada\/wp-json\/wp\/v2\/categories?post=12731"},{"taxonomy":"post_tag","embeddable":true,"href":"https:\/\/hostnetart.com.br\/baixada\/wp-json\/wp\/v2\/tags?post=12731"}],"curies":[{"name":"wp","href":"https:\/\/api.w.org\/{rel}","templated":true}]}}