{"id":12727,"date":"2022-06-28T14:37:25","date_gmt":"2022-06-28T17:37:25","guid":{"rendered":"https:\/\/hostnetart.com.br\/baixada\/audiencia-publica-que-iria-debater-o-projeto-de-lei-1043-2019-e-adiada-para-6-de-julho\/"},"modified":"2022-06-28T14:37:25","modified_gmt":"2022-06-28T17:37:25","slug":"audiencia-publica-que-iria-debater-o-projeto-de-lei-1043-2019-e-adiada-para-6-de-julho","status":"publish","type":"post","link":"https:\/\/hostnetart.com.br\/baixada\/audiencia-publica-que-iria-debater-o-projeto-de-lei-1043-2019-e-adiada-para-6-de-julho\/","title":{"rendered":"Audi\u00eancia p\u00fablica que iria debater o Projeto de Lei 1043\/2019 \u00e9 adiada para 6 de julho"},"content":{"rendered":"<p>A audi\u00eancia p\u00fablica que iria debater o Projeto de Lei 1043\/2019, e que libera a abertura dos bancos aos s\u00e1bados e domingos, foi adiada para o dia 6 de julho.<\/p>\n<p>O debate, estava previsto para esta ter\u00e7a-feira (28), mas foi adiado.<\/p>\n<p>O projeto, apresentado pelo deputado David Soares (Uni\u00e3o-SP), chegou a ser inclu\u00eddo na ordem do dia de vota\u00e7\u00e3o pela CDC no final de maio, mas foi retirado da pauta ap\u00f3s forte press\u00e3o do Movimento Sindical Banc\u00e1rio.\u00a0<\/p>\n<p>A enquete da C\u00e2mara dos Deputados, onde qualquer cidad\u00e3o pode votar e se manifestar sobre o PL 1043, CONTINUA!<\/p>\n<p>Para votar, acesse:\u00a0<a href=\"https:\/\/forms.camara.leg.br\/ex\/enquetes\/2192746\" target=\"_blank\" rel=\"noopener noreferrer\" data-saferedirecturl=\"https:\/\/www.google.com\/url?q=https:\/\/forms.camara.leg.br\/ex\/enquetes\/2192746&amp;source=gmail&amp;ust=1656513160877000&amp;usg=AOvVaw3L7ccLcJ6CeZ2LcQXKC2Fs\">https:\/\/forms.camara.leg.br\/ex<wbr \/>\/enquetes\/2192746<\/a><\/p>\n","protected":false},"excerpt":{"rendered":"<p>A audi\u00eancia p\u00fablica que iria debater o Projeto de Lei 1043\/2019, e que libera a abertura dos bancos aos s\u00e1bados e domingos, foi adiada para o dia 6 de julho. O debate, estava previsto para esta ter\u00e7a-feira (28), mas foi adiado. O projeto, apresentado pelo deputado David Soares (Uni\u00e3o-SP), chegou a ser inclu\u00eddo na ordem [&hellip;]<\/p>\n","protected":false},"author":2,"featured_media":12726,"comment_status":"","ping_status":"","sticky":false,"template":"","format":"standard","meta":{"footnotes":""},"categories":[3],"tags":[],"class_list":["post-12727","post","type-post","status-publish","format-standard","has-post-thumbnail","hentry","category-noticias"],"_links":{"self":[{"href":"https:\/\/hostnetart.com.br\/baixada\/wp-json\/wp\/v2\/posts\/12727","targetHints":{"allow":["GET"]}}],"collection":[{"href":"https:\/\/hostnetart.com.br\/baixada\/wp-json\/wp\/v2\/posts"}],"about":[{"href":"https:\/\/hostnetart.com.br\/baixada\/wp-json\/wp\/v2\/types\/post"}],"author":[{"embeddable":true,"href":"https:\/\/hostnetart.com.br\/baixada\/wp-json\/wp\/v2\/users\/2"}],"replies":[{"embeddable":true,"href":"https:\/\/hostnetart.com.br\/baixada\/wp-json\/wp\/v2\/comments?post=12727"}],"version-history":[{"count":0,"href":"https:\/\/hostnetart.com.br\/baixada\/wp-json\/wp\/v2\/posts\/12727\/revisions"}],"wp:featuredmedia":[{"embeddable":true,"href":"https:\/\/hostnetart.com.br\/baixada\/wp-json\/wp\/v2\/media\/12726"}],"wp:attachment":[{"href":"https:\/\/hostnetart.com.br\/baixada\/wp-json\/wp\/v2\/media?parent=12727"}],"wp:term":[{"taxonomy":"category","embeddable":true,"href":"https:\/\/hostnetart.com.br\/baixada\/wp-json\/wp\/v2\/categories?post=12727"},{"taxonomy":"post_tag","embeddable":true,"href":"https:\/\/hostnetart.com.br\/baixada\/wp-json\/wp\/v2\/tags?post=12727"}],"curies":[{"name":"wp","href":"https:\/\/api.w.org\/{rel}","templated":true}]}}