{"id":12725,"date":"2022-06-28T14:32:37","date_gmt":"2022-06-28T17:32:37","guid":{"rendered":"https:\/\/hostnetart.com.br\/baixada\/foro-debate-importancia-da-juventude-para-o-mundo-sindical\/"},"modified":"2022-06-28T14:32:37","modified_gmt":"2022-06-28T17:32:37","slug":"foro-debate-importancia-da-juventude-para-o-mundo-sindical","status":"publish","type":"post","link":"https:\/\/hostnetart.com.br\/baixada\/foro-debate-importancia-da-juventude-para-o-mundo-sindical\/","title":{"rendered":"Foro debate import\u00e2ncia da juventude para o mundo sindical"},"content":{"rendered":"<p>Jovens sindicalistas de toda a Am\u00e9rica compartilharam, nesta segunda-feira (27), no\u00a0<a href=\"https:\/\/www.5taconferenciauniamericas.org\/jovenes\" target=\"_blank\" rel=\"noopener noreferrer\">Foro de Sindicaliza\u00e7\u00e3o da Juventude<\/a>, em Fortaleza (CE), suas experi\u00eancias sindicais e suas vis\u00f5es sobre os desafios para os trabalhadores num mundo marcado pela pandemia, pelas reformas trabalhistas e pelas crises econ\u00f4micas e sociais que atingem todo o continente. A atividade faz parte da\u00a0<a href=\"https:\/\/contrafcut.com.br\/noticias\/uni-americas-realiza-5a-conferencia-regional-em-fortaleza\/\" target=\"_blank\" rel=\"noopener noreferrer\">5\u00aa Confer\u00eancia Regional da UNI Am\u00e9ricas<\/a>, que acontece nos dias 29 e 30.<\/p>\n<p>\u201c\u00c9 um momento imprescind\u00edvel para a forma\u00e7\u00e3o pol\u00edtica dos jovens dirigentes e tamb\u00e9m de renova\u00e7\u00e3o das pr\u00e1ticas sindicais. O novo mundo do trabalho exige respostas atualizadas dos sindicatos e os jovens s\u00e3o fundamentais para esta constru\u00e7\u00e3o\u201d, disse a presidenta da UNI Am\u00e9ricas Juventude, Lucimara Malaquias.<\/p>\n<p>O presente foro deu continuidade ao trabalho aprovado na \u00faltima Confer\u00eancia de Medell\u00edn, em 2016, e definiu as diretrizes para o Plano de Trabalho 2020-2024 da UNI Am\u00e9ricas Juventude.<\/p>\n<p>\u201cPor meio de ferramentas de comunica\u00e7\u00e3o, nossa ideia \u00e9 desenvolver as capacidades da juventude sindicalista, para que as jovens e os jovens sejam reconhecidos tanto no meio sindical quanto pelos trabalhadores nas bases sindicais como seus representantes na luta por melhores condi\u00e7\u00f5es de trabalho, melhores oportunidades de ascens\u00e3o profissional e de representa\u00e7\u00e3o sindical\u201d, disse diretora de Juventude da Confedera\u00e7\u00e3o Nacional dos Trabalhadores do Ramo Financeiro (Contraf-CUT), Bianca Garbelini, ao ressaltar que a a\u00e7\u00e3o da juventude trabalhadora \u00e9 um fator chave para o empoderamento e revitaliza\u00e7\u00e3o do movimento sindical.<\/p>\n<p>Mais informa\u00e7\u00f5es na\u00a0<a href=\"https:\/\/www.5taconferenciauniamericas.org\/\" target=\"_blank\" rel=\"noopener noreferrer\">p\u00e1gina da 5\u00aa Confer\u00eancia Regional da UNI Am\u00e9ricas<\/a>.<\/p>\n<p><strong>Fonte: Contraf-CUT<\/strong><\/p>\n","protected":false},"excerpt":{"rendered":"<p>Jovens sindicalistas de toda a Am\u00e9rica compartilharam, nesta segunda-feira (27), no\u00a0Foro de Sindicaliza\u00e7\u00e3o da Juventude, em Fortaleza (CE), suas experi\u00eancias sindicais e suas vis\u00f5es sobre os desafios para os trabalhadores num mundo marcado pela pandemia, pelas reformas trabalhistas e pelas crises econ\u00f4micas e sociais que atingem todo o continente. A atividade faz parte da\u00a05\u00aa Confer\u00eancia [&hellip;]<\/p>\n","protected":false},"author":2,"featured_media":12724,"comment_status":"","ping_status":"","sticky":false,"template":"","format":"standard","meta":{"footnotes":""},"categories":[3],"tags":[],"class_list":["post-12725","post","type-post","status-publish","format-standard","has-post-thumbnail","hentry","category-noticias"],"_links":{"self":[{"href":"https:\/\/hostnetart.com.br\/baixada\/wp-json\/wp\/v2\/posts\/12725","targetHints":{"allow":["GET"]}}],"collection":[{"href":"https:\/\/hostnetart.com.br\/baixada\/wp-json\/wp\/v2\/posts"}],"about":[{"href":"https:\/\/hostnetart.com.br\/baixada\/wp-json\/wp\/v2\/types\/post"}],"author":[{"embeddable":true,"href":"https:\/\/hostnetart.com.br\/baixada\/wp-json\/wp\/v2\/users\/2"}],"replies":[{"embeddable":true,"href":"https:\/\/hostnetart.com.br\/baixada\/wp-json\/wp\/v2\/comments?post=12725"}],"version-history":[{"count":0,"href":"https:\/\/hostnetart.com.br\/baixada\/wp-json\/wp\/v2\/posts\/12725\/revisions"}],"wp:featuredmedia":[{"embeddable":true,"href":"https:\/\/hostnetart.com.br\/baixada\/wp-json\/wp\/v2\/media\/12724"}],"wp:attachment":[{"href":"https:\/\/hostnetart.com.br\/baixada\/wp-json\/wp\/v2\/media?parent=12725"}],"wp:term":[{"taxonomy":"category","embeddable":true,"href":"https:\/\/hostnetart.com.br\/baixada\/wp-json\/wp\/v2\/categories?post=12725"},{"taxonomy":"post_tag","embeddable":true,"href":"https:\/\/hostnetart.com.br\/baixada\/wp-json\/wp\/v2\/tags?post=12725"}],"curies":[{"name":"wp","href":"https:\/\/api.w.org\/{rel}","templated":true}]}}