{"id":12723,"date":"2022-06-27T21:08:39","date_gmt":"2022-06-28T00:08:39","guid":{"rendered":"https:\/\/hostnetart.com.br\/baixada\/uni-americas-realiza-5-conferencia-regional-em-fortaleza\/"},"modified":"2022-06-27T21:08:39","modified_gmt":"2022-06-28T00:08:39","slug":"uni-americas-realiza-5-conferencia-regional-em-fortaleza","status":"publish","type":"post","link":"https:\/\/hostnetart.com.br\/baixada\/uni-americas-realiza-5-conferencia-regional-em-fortaleza\/","title":{"rendered":"UNI Am\u00e9ricas realiza 5\u00aa Confer\u00eancia Regional em Fortaleza"},"content":{"rendered":"<p>Nos pr\u00f3ximos dias 29 e 30 de junho, acontece a\u00a05\u00aa Confer\u00eancia UNI Am\u00e9ricas, que reunir\u00e1 mais de\u00a0600 dirigentes sindicais de 24 pa\u00edses, que representam 124 organiza\u00e7\u00f5es de trabalhadores filiadas \u00e0 UNI Global Union.<\/p>\n<p>A\u00a0Federac\u0327a\u0303o dos Trabalhadores do Ramo Financeiro dos Estados do Rio de Janeiro e Espi\u0301rito Santo (Fetraf RJ\/ES) ser\u00e1 representada pela Diretora de Bancos Privados da entidade e Coordenadora Geral do Sindicato dos Banc\u00e1rios da Baixada Fluminense, Renata Soeiro.<\/p>\n<p>O encontro, com o tema \u201cVamos defender nossos direitos e construir nosso futuro\u201d, vai debater e construir uma agenda de atua\u00e7\u00e3o no novo cen\u00e1rio pol\u00edtico que se desenha na regi\u00e3o. Nos \u00faltimos anos, foram eleitos governos progressistas em v\u00e1rios pa\u00edses do continente latino-americano, como M\u00e9xico, Chile, Argentina, Honduras, Peru, Bol\u00edvia, Col\u00f4mbia.<\/p>\n<p><span style=\"font-size: 12.16px;\">Nesta segunda-feira, 27 de junho, aconteceu o F\u00f3rum Sindical Internacional da UNI Am\u00e9ricas Finance, onde foi debatido o &#8220;Impacto da Digitaliza\u00e7\u00e3o no Sistema Financeiro&#8221;, onde foi discutido o TeleTrabalho, Fintech, Digitaliza\u00e7\u00e3o, Experi\u00eancias e Conclus\u00f5es sobre Reuni\u00e3o de Di\u00e1logo Tripartite na OIT, sobre este Impacto.<\/span><\/p>\n<p><span style=\"font-size: 12.16px;\">Para Renata Soeiro, &#8220;a Digitaliza\u00e7\u00e3o no Sistema Financeiro, exigiu novas habilidades, novas qualifica\u00e7\u00f5es, por\u00e9m, \u00e9 responsabilidade das empresas aproveitar os funcion\u00e1rios do seu quadro e dar o treinamento, para n\u00e3o torn\u00e1-lo descart\u00e1vel.&#8221;<\/span><\/p>\n<p><span style=\"font-size: 12.16px;\">&#8220;A 5\u00aa Confer\u00eancia da UNI Am\u00e9ricas vai avaliar o papel dos sindicatos e como os trabalhadores podem definir seu papel no momento pol\u00edtico. Os temas em pauta incluem a defesa dos direitos humanos e o fortalecimento da democracia, com a participa\u00e7\u00e3o dos trabalhadores e suas representa\u00e7\u00f5es sindicais.<\/span><\/p>\n<p>Tamb\u00e9m ser\u00e1 discutida a constru\u00e7\u00e3o de alian\u00e7as com os governos progressistas, em busca de solu\u00e7\u00f5es de problemas sociais, como diminui\u00e7\u00e3o da pobreza e da desigualdade, a luta contra o racismo e outras formas de discrimina\u00e7\u00e3o.<\/p>\n<p>Entre os pontos trabalhistas espec\u00edficos, estar\u00e3o a organiza\u00e7\u00e3o sindical relacionada a novos setores, o fortalecimento da negocia\u00e7\u00e3o coletiva e a constru\u00e7\u00e3o de unidade tanto nas esferas nacionais, como no \u00e2mbito internacional.<\/p>\n<p>Para o presidente da UNI Am\u00e9ricas, Hector D\u00e1er, \u00e9 fundamental a presen\u00e7a do movimento dos trabalhadores no debate pol\u00edtico, pois \u201cn\u00e3o h\u00e1 democracias fortes sem sindicatos fortes\u201d. D\u00e1er tamb\u00e9m destaca que \u201co movimento sindical da nossa regi\u00e3o sempre esteve na linha de frente da defesa e o fortalecimento da democracia e da paz, inspirando novos direitos para incluir diferentes coletivos\u201d.<\/p>\n<p>O secret\u00e1rio Regional da UNI Am\u00e9ricas, Marcio Monzane, ressalta a import\u00e2ncia da 5\u00aa Confer\u00eancia no atual momento pol\u00edtico da Am\u00e9rica Latina. \u201cNa regi\u00e3o, n\u00e3o h\u00e1 mais espa\u00e7o para desrespeito aos direitos dos trabalhadores, para trabalhos prec\u00e1rios e para a desigualdade e a discrimina\u00e7\u00e3o. Com a nova ascens\u00e3o dos governos progressistas, os sindicatos devem ter um papel ativo, de participa\u00e7\u00e3o na sociedade\u201d.<\/p>\n<p>Para Rita Berlofa, \u201co movimento sindical defende a democracia no continente latino-americano acima de tudo, e n\u00e3o existe democracia est\u00e1vel sem sindicatos, entidades que t\u00eam a fun\u00e7\u00e3o social de dar voz \u00e0 classe trabalhadora\u201d.<\/p>\n<p>Com sede em Montevid\u00e9u, a UNI Am\u00e9ricas, \u00e0 qual a Confedera\u00e7\u00e3o Nacional dos Trabalhadores do Ramos Financeiro (Contraf-CUT) \u00e9 filiada, \u00e9 o bra\u00e7o regional da UNI Global Union, que representa 20 milh\u00f5es de trabalhadores em 150 pa\u00edses, nos setores de finan\u00e7as, meios e entretenimento, esportes, cuidados, limpeza, seguran\u00e7a, com\u00e9rcio, cassinos, servi\u00e7os postais, gr\u00e1fica e embalagem e telecomunica\u00e7\u00f5es.<\/p>\n<p>Confira detalhes da 5\u00aa Confer\u00eancia da UNI Am\u00e9ricas no\u00a0<a href=\"https:\/\/www.5taconferenciauniamericas.org\/inicio-pt\" target=\"_blank\" rel=\"noopener noreferrer\">site do evento<\/a>.<\/p>\n<p><strong><em>*Com informa\u00e7\u00f5es da Contraf-CUT e Fetraf RJ\/ES\u00a0<\/em><\/strong><\/p>\n<p><img fetchpriority=\"high\" decoding=\"async\" class=\"alignnone size-full wp-image-18825\" src=\"https:\/\/fetrafrjes.org.br\/wp-content\/uploads\/2022\/06\/uniamerica-2.jpg\" alt=\"\" width=\"828\" height=\"344\" \/> <img decoding=\"async\" class=\"alignnone size-full wp-image-18826\" src=\"https:\/\/fetrafrjes.org.br\/wp-content\/uploads\/2022\/06\/uniamerica-3.jpg\" alt=\"\" width=\"828\" height=\"882\" \/><\/p>\n<p>o<\/p>\n","protected":false},"excerpt":{"rendered":"<p>Nos pr\u00f3ximos dias 29 e 30 de junho, acontece a\u00a05\u00aa Confer\u00eancia UNI Am\u00e9ricas, que reunir\u00e1 mais de\u00a0600 dirigentes sindicais de 24 pa\u00edses, que representam 124 organiza\u00e7\u00f5es de trabalhadores filiadas \u00e0 UNI Global Union. A\u00a0Federac\u0327a\u0303o dos Trabalhadores do Ramo Financeiro dos Estados do Rio de Janeiro e Espi\u0301rito Santo (Fetraf RJ\/ES) ser\u00e1 representada pela Diretora de [&hellip;]<\/p>\n","protected":false},"author":2,"featured_media":12722,"comment_status":"","ping_status":"","sticky":false,"template":"","format":"standard","meta":{"footnotes":""},"categories":[3],"tags":[],"class_list":["post-12723","post","type-post","status-publish","format-standard","has-post-thumbnail","hentry","category-noticias"],"_links":{"self":[{"href":"https:\/\/hostnetart.com.br\/baixada\/wp-json\/wp\/v2\/posts\/12723","targetHints":{"allow":["GET"]}}],"collection":[{"href":"https:\/\/hostnetart.com.br\/baixada\/wp-json\/wp\/v2\/posts"}],"about":[{"href":"https:\/\/hostnetart.com.br\/baixada\/wp-json\/wp\/v2\/types\/post"}],"author":[{"embeddable":true,"href":"https:\/\/hostnetart.com.br\/baixada\/wp-json\/wp\/v2\/users\/2"}],"replies":[{"embeddable":true,"href":"https:\/\/hostnetart.com.br\/baixada\/wp-json\/wp\/v2\/comments?post=12723"}],"version-history":[{"count":0,"href":"https:\/\/hostnetart.com.br\/baixada\/wp-json\/wp\/v2\/posts\/12723\/revisions"}],"wp:featuredmedia":[{"embeddable":true,"href":"https:\/\/hostnetart.com.br\/baixada\/wp-json\/wp\/v2\/media\/12722"}],"wp:attachment":[{"href":"https:\/\/hostnetart.com.br\/baixada\/wp-json\/wp\/v2\/media?parent=12723"}],"wp:term":[{"taxonomy":"category","embeddable":true,"href":"https:\/\/hostnetart.com.br\/baixada\/wp-json\/wp\/v2\/categories?post=12723"},{"taxonomy":"post_tag","embeddable":true,"href":"https:\/\/hostnetart.com.br\/baixada\/wp-json\/wp\/v2\/tags?post=12723"}],"curies":[{"name":"wp","href":"https:\/\/api.w.org\/{rel}","templated":true}]}}