{"id":12721,"date":"2022-06-27T18:28:38","date_gmt":"2022-06-27T21:28:38","guid":{"rendered":"https:\/\/hostnetart.com.br\/baixada\/na-segunda-reuniao-de-negociacao-bancarios-pedem-mais-contratacoes-fim-das-demissoes-e-da-precarizacao\/"},"modified":"2022-06-27T18:28:38","modified_gmt":"2022-06-27T21:28:38","slug":"na-segunda-reuniao-de-negociacao-bancarios-pedem-mais-contratacoes-fim-das-demissoes-e-da-precarizacao","status":"publish","type":"post","link":"https:\/\/hostnetart.com.br\/baixada\/na-segunda-reuniao-de-negociacao-bancarios-pedem-mais-contratacoes-fim-das-demissoes-e-da-precarizacao\/","title":{"rendered":"Na segunda reuni\u00e3o de negocia\u00e7\u00e3o, banc\u00e1rios pedem mais contrata\u00e7\u00f5es, fim das demiss\u00f5es e da precariza\u00e7\u00e3o"},"content":{"rendered":"<p>Nesta segunda-feira, 27 de junho, ocorreu a segunda reuni\u00e3o de negocia\u00e7\u00e3o da Campanha Nacional 2022 da categoria, ap\u00f3s a entrega da minuta de reivindica\u00e7\u00f5es, entre o Comando Nacional dos Banc\u00e1rios e a Federa\u00e7\u00e3o Nacional dos Bancos (Fenaban).<\/p>\n<p>Na reuni\u00e3o, os banc\u00e1rios pediram mais contrata\u00e7\u00f5es, fim das demiss\u00f5es e fim da precariza\u00e7\u00e3o.<\/p>\n<p>Nilton Dami\u00e3o Esperan\u00e7a, Presidente da Federac\u0327a\u0303o dos Trabalhadores do Ramo Financeiro dos Estados do Rio de Janeiro e Espi\u0301rito Santo (Fetraf RJ\/ES), e\u00a0Carlos Pereira de Ara\u00fajo (Carl\u00e3o),\u00a0diretor do Sindicato dos Banc\u00e1rios do Esp\u00edrito Santo (Sindibanc\u00e1rios\/ES) e integrante do Comando Nacional,\u00a0participaram da reuni\u00e3o.<\/p>\n<p>Desde 2013 houve uma redu\u00e7\u00e3o de 77 mil postos de trabalho na categoria banc\u00e1ria, como consequ\u00eancia, entre outras coisas, da introdu\u00e7\u00e3o de novas tecnologias, fechamento das ag\u00eancias banc\u00e1rias e mudan\u00e7a das exig\u00eancias no perfil do trabalhadores e das ag\u00eancias.<\/p>\n<p>Os bancos alegam que as mudan\u00e7as ocorreram em fun\u00e7\u00e3o do aumento da concorr\u00eancia, mas entre 2013 e 2021, mesmo com o surgimento de novos concorrentes, os bancos n\u00e3o perderam participa\u00e7\u00e3o de mercado, ao contr\u00e1rio, houve aumento de 86% para 87% na participa\u00e7\u00e3o nas opera\u00e7\u00f5es de cr\u00e9dito. As institui\u00e7\u00f5es n\u00e3o banc\u00e1rias de cr\u00e9dito (onde est\u00e3o algumas fintechs) sa\u00edram de 0,7% para 0,9% de participa\u00e7\u00e3o, ou seja, um aumento irrelevante. Mesmo as cooperativas com todo crescimento que tiveram sa\u00edram de 2% de participa\u00e7\u00e3o no cr\u00e9dito para 6%.<\/p>\n<p>Nos \u00faltimos 10 anos, o lucro dos bancos cresceu 15% acima da infla\u00e7\u00e3o. Em 2021, os cinco maiores bancos do pa\u00eds (Caixa, BB, Ita\u00fa, Bradesco e Santander) lucraram R$ 107,7 bilh\u00f5es, 34,1% maior do que no ano anterior. No primeiro trimestre de 2022, o montante somou R$ 27,6 bilh\u00f5es, 17,5% maior do que no mesmo per\u00edodo do ano passado.<\/p>\n<p>Para o Comando Nacional dos Banc\u00e1rios, a classe trabalhadora vem sofrendo com a redu\u00e7\u00e3o de direitos. E\u00a0ressaltou a necessidade de se discutir a requalifica\u00e7\u00e3o dos trabalhadores para que eles possam assumir novas fun\u00e7\u00f5es devido \u00e0s inova\u00e7\u00f5es tecnol\u00f3gicas que foram introduzidas na sociedade e no setor banc\u00e1rio, assim como a redu\u00e7\u00e3o de n\u00famero de postos de trabalho banc\u00e1rio, n\u00e3o do setor financeiro, devido a terceiriza\u00e7\u00e3o, com migra\u00e7\u00e3o de banc\u00e1rios para o setor financeiro, em empregos precarizados, com representa\u00e7\u00e3o diferente e menos direitos.<\/p>\n<p>A comiss\u00e3o de negocia\u00e7\u00e3o da Fenaban vai levar as propostas apresentadas pelos Comando para negocia\u00e7\u00e3o com os bancos. Ao final das negocia\u00e7\u00f5es ser\u00e1 apresentada uma proposta global, com todos os temas em negocia\u00e7\u00e3o. Veja abaixo o calend\u00e1rio de negocia\u00e7\u00f5es.<\/p>\n<p>&#8220;Esperamos que, na pr\u00f3xima reuni\u00e3o, tenhamos respostas positivas e mais diretas, por parte dos bancos.&#8221;, comentou Nilton Dami\u00e3o, Presidente da Fetraf RJ\/ES.<\/p>\n<h3>Calend\u00e1rio de negocia\u00e7\u00f5es:<\/h3>\n<p><strong>Quarta-feira, 6 de julho<\/strong>: Cl\u00e1usulas sociais e seguran\u00e7a banc\u00e1ria<br \/><strong>Sexta-feira, 22 de julho<\/strong>: Cl\u00e1usulas sociais e teletrabalho<br \/><strong>Quinta-feira, 28 de julho<\/strong>: Igualdade de oportunidades<br \/><strong>Segunda-feira, 1 de agosto<\/strong>: Sa\u00fade e condi\u00e7\u00f5es de trabalho<br \/><strong>Quarta-feira, 3 de agosto<\/strong>: Cl\u00e1usulas econ\u00f4micas<br \/><strong>Quinta-feira, 11 de agosto<\/strong>: Continua\u00e7\u00e3o das cl\u00e1usulas econ\u00f4micas<\/p>\n<p><em>*Com informa\u00e7\u00f5es da Contraf-CUT e Fetraf RJ\/ES<\/em><\/p>\n","protected":false},"excerpt":{"rendered":"<p>Nesta segunda-feira, 27 de junho, ocorreu a segunda reuni\u00e3o de negocia\u00e7\u00e3o da Campanha Nacional 2022 da categoria, ap\u00f3s a entrega da minuta de reivindica\u00e7\u00f5es, entre o Comando Nacional dos Banc\u00e1rios e a Federa\u00e7\u00e3o Nacional dos Bancos (Fenaban). Na reuni\u00e3o, os banc\u00e1rios pediram mais contrata\u00e7\u00f5es, fim das demiss\u00f5es e fim da precariza\u00e7\u00e3o. Nilton Dami\u00e3o Esperan\u00e7a, Presidente [&hellip;]<\/p>\n","protected":false},"author":2,"featured_media":12720,"comment_status":"","ping_status":"","sticky":false,"template":"","format":"standard","meta":{"footnotes":""},"categories":[3],"tags":[],"class_list":["post-12721","post","type-post","status-publish","format-standard","has-post-thumbnail","hentry","category-noticias"],"_links":{"self":[{"href":"https:\/\/hostnetart.com.br\/baixada\/wp-json\/wp\/v2\/posts\/12721","targetHints":{"allow":["GET"]}}],"collection":[{"href":"https:\/\/hostnetart.com.br\/baixada\/wp-json\/wp\/v2\/posts"}],"about":[{"href":"https:\/\/hostnetart.com.br\/baixada\/wp-json\/wp\/v2\/types\/post"}],"author":[{"embeddable":true,"href":"https:\/\/hostnetart.com.br\/baixada\/wp-json\/wp\/v2\/users\/2"}],"replies":[{"embeddable":true,"href":"https:\/\/hostnetart.com.br\/baixada\/wp-json\/wp\/v2\/comments?post=12721"}],"version-history":[{"count":0,"href":"https:\/\/hostnetart.com.br\/baixada\/wp-json\/wp\/v2\/posts\/12721\/revisions"}],"wp:featuredmedia":[{"embeddable":true,"href":"https:\/\/hostnetart.com.br\/baixada\/wp-json\/wp\/v2\/media\/12720"}],"wp:attachment":[{"href":"https:\/\/hostnetart.com.br\/baixada\/wp-json\/wp\/v2\/media?parent=12721"}],"wp:term":[{"taxonomy":"category","embeddable":true,"href":"https:\/\/hostnetart.com.br\/baixada\/wp-json\/wp\/v2\/categories?post=12721"},{"taxonomy":"post_tag","embeddable":true,"href":"https:\/\/hostnetart.com.br\/baixada\/wp-json\/wp\/v2\/tags?post=12721"}],"curies":[{"name":"wp","href":"https:\/\/api.w.org\/{rel}","templated":true}]}}