{"id":12719,"date":"2022-06-25T16:08:28","date_gmt":"2022-06-25T19:08:28","guid":{"rendered":"https:\/\/hostnetart.com.br\/baixada\/lancamento-do-comite-de-luta-bancarios-da-baixada-fluminense-ocorreu-neste-sabado-25\/"},"modified":"2022-06-25T16:08:28","modified_gmt":"2022-06-25T19:08:28","slug":"lancamento-do-comite-de-luta-bancarios-da-baixada-fluminense-ocorreu-neste-sabado-25","status":"publish","type":"post","link":"https:\/\/hostnetart.com.br\/baixada\/lancamento-do-comite-de-luta-bancarios-da-baixada-fluminense-ocorreu-neste-sabado-25\/","title":{"rendered":"Lan\u00e7amento do Comit\u00ea de Luta &#8220;Banc\u00e1rios da Baixada Fluminense&#8221; ocorreu neste s\u00e1bado (25)"},"content":{"rendered":"<p>Na manh\u00e3 deste s\u00e1bado, 25 de Junho, na Pra\u00e7a da Matriz, em S\u00e3o Jo\u00e3o de Meriti, ocorreu o Lan\u00e7amento do Comit\u00ea de Luta BANC\u00c1RIOS DA BAIXADA FLUMINENSE.<\/p>\n<p>O evento contou com a presen\u00e7a de autoridades, lideran\u00e7as pol\u00edticas e sindicais, dentre elas, Benedita da Silva, do Partido dos Trabalhadores (PT).<\/p>\n<p>Para Pedro Batista, dirigente sindical e funcion\u00e1rio do Bradesco, &#8220;os trabalhadores querem dar um basta ao abandono em que se encontram. Quando olhamos para os lados, o que vemos \u00e9 a fome e a mis\u00e9ria tomando conta de tudo e todos!&#8221;<\/p>\n<p>Renata Soeiro, dirigente sindical e funcion\u00e1ria do Bradesco, tamb\u00e9m comentou: &#8220;a\u00a0situa\u00e7\u00e3o econ\u00f4mica em que o Brasil se encontra, castiga os mais pobres e d\u00e1 privil\u00e9gios aos milion\u00e1rios. Os desempregados est\u00e3o sem esperan\u00e7a em dias melhores. S\u00f3 o povo unido pode mudar essa realidade.&#8221;<\/p>\n<p>A atividade marcou o in\u00edcio de um movimento na Baixada Fluminense, que ir\u00e1 atuar em defesa dos direitos de todos os cidad\u00e3os e da democracia, com objetivos de, por exemplo, propagar pol\u00edticas de inclus\u00e3o social, combater a fome e a mis\u00e9ria e atuar contra as fake news, al\u00e9m de criar a\u00e7\u00f5es de solidariedade, como arrecada\u00e7\u00e3o e distribui\u00e7\u00e3o de alimentos e o fortalecimento do Sindicato Cidad\u00e3o.<\/p>\n<p>\u00c9 o in\u00edcio de um debate sobre o Brasil que a gente quer.<\/p>\n<p><\/p>\n","protected":false},"excerpt":{"rendered":"<p>Na manh\u00e3 deste s\u00e1bado, 25 de Junho, na Pra\u00e7a da Matriz, em S\u00e3o Jo\u00e3o de Meriti, ocorreu o Lan\u00e7amento do Comit\u00ea de Luta BANC\u00c1RIOS DA BAIXADA FLUMINENSE. O evento contou com a presen\u00e7a de autoridades, lideran\u00e7as pol\u00edticas e sindicais, dentre elas, Benedita da Silva, do Partido dos Trabalhadores (PT). Para Pedro Batista, dirigente sindical e [&hellip;]<\/p>\n","protected":false},"author":2,"featured_media":12718,"comment_status":"","ping_status":"","sticky":false,"template":"","format":"standard","meta":{"footnotes":""},"categories":[3],"tags":[],"class_list":["post-12719","post","type-post","status-publish","format-standard","has-post-thumbnail","hentry","category-noticias"],"_links":{"self":[{"href":"https:\/\/hostnetart.com.br\/baixada\/wp-json\/wp\/v2\/posts\/12719","targetHints":{"allow":["GET"]}}],"collection":[{"href":"https:\/\/hostnetart.com.br\/baixada\/wp-json\/wp\/v2\/posts"}],"about":[{"href":"https:\/\/hostnetart.com.br\/baixada\/wp-json\/wp\/v2\/types\/post"}],"author":[{"embeddable":true,"href":"https:\/\/hostnetart.com.br\/baixada\/wp-json\/wp\/v2\/users\/2"}],"replies":[{"embeddable":true,"href":"https:\/\/hostnetart.com.br\/baixada\/wp-json\/wp\/v2\/comments?post=12719"}],"version-history":[{"count":0,"href":"https:\/\/hostnetart.com.br\/baixada\/wp-json\/wp\/v2\/posts\/12719\/revisions"}],"wp:featuredmedia":[{"embeddable":true,"href":"https:\/\/hostnetart.com.br\/baixada\/wp-json\/wp\/v2\/media\/12718"}],"wp:attachment":[{"href":"https:\/\/hostnetart.com.br\/baixada\/wp-json\/wp\/v2\/media?parent=12719"}],"wp:term":[{"taxonomy":"category","embeddable":true,"href":"https:\/\/hostnetart.com.br\/baixada\/wp-json\/wp\/v2\/categories?post=12719"},{"taxonomy":"post_tag","embeddable":true,"href":"https:\/\/hostnetart.com.br\/baixada\/wp-json\/wp\/v2\/tags?post=12719"}],"curies":[{"name":"wp","href":"https:\/\/api.w.org\/{rel}","templated":true}]}}