{"id":12717,"date":"2022-06-24T22:28:07","date_gmt":"2022-06-25T01:28:07","guid":{"rendered":"https:\/\/hostnetart.com.br\/baixada\/empregados-do-sistema-bndes-entregaram-reivindicacoes-ao-banco\/"},"modified":"2022-06-24T22:28:07","modified_gmt":"2022-06-25T01:28:07","slug":"empregados-do-sistema-bndes-entregaram-reivindicacoes-ao-banco","status":"publish","type":"post","link":"https:\/\/hostnetart.com.br\/baixada\/empregados-do-sistema-bndes-entregaram-reivindicacoes-ao-banco\/","title":{"rendered":"Empregados do Sistema BNDES entregaram reivindica\u00e7\u00f5es ao banco"},"content":{"rendered":"<p>A pauta de reivindica\u00e7\u00f5es dos empregados do Sistema BNDES para a renova\u00e7\u00e3o do Acordo Coletivo de Trabalho (ACT) de 2022,\u00a0<a href=\"https:\/\/contrafcut.com.br\/noticias\/congresso-do-bndes-fecha-pauta-de-reivindicacoes-e-aprova-comissao-de-negociacao\" target=\"_blank\" rel=\"noopener noreferrer\">aprovada em Congresso no dia 7 de junho<\/a>, foi entregue ao banco na manh\u00e3 desta sexta-feira (24). A reuni\u00e3o para a entrega da minuta ocorreu no formato eletr\u00f4nico, por videoconfer\u00eancia.<\/p>\n<p>\u201cEsperamos que todas a justas reivindica\u00e7\u00f5es dos empregados sejam atendidas e que as negocia\u00e7\u00f5es tenham um processo respeitoso e maduro, fortalecendo n\u00e3o s\u00f3 a mesa da espec\u00edfica do BNDES, como todo o processo negocial dos trabalhadores do ramo financeiro\u201d, afirmou o vice-presidente da Confedera\u00e7\u00e3o Nacional dos Trabalhadores do Ramo Financeiro (Contraf-CUT), Vin\u00edcius Assump\u00e7\u00e3o, que representa a confedera\u00e7\u00e3o nas negocia\u00e7\u00f5es com as empresas do Sistema BNDES, ao refor\u00e7ar a solicita\u00e7\u00e3o feita em of\u00edcio enviado ao banco para que o mesmo se junte \u00e0 mesa \u00fanica de negocia\u00e7\u00f5es entre o Comando Nacional dos Banc\u00e1rios e a Federa\u00e7\u00e3o Nacional dos Bancos (Fenaban).<\/p>\n<p>No of\u00edcio, a Contraf-CUT ressalta que a mesa \u00fanica entre o Comando Nacional dos Banc\u00e1rios e a Fenaban \u00e9 refer\u00eancia internacional de modelo de negocia\u00e7\u00f5es entre o setor patronal e os trabalhadores, que neste ano completa 30 anos de exist\u00eancia e que levou ao acordo da \u00fanica conven\u00e7\u00e3o nacional de trabalho de uma categoria do pa\u00eds.<\/p>\n<p>\u201cSem nenhum preju\u00edzo \u00e0s negocia\u00e7\u00f5es espec\u00edficas entre os empregados do sistema e os representantes do banco, da Finame e da BNDESPAR, \u00e9 importante, para as empresas e para os trabalhadores, esta participa\u00e7\u00e3o do BNDES na mesa \u00fanica para o fortalecimento do processo negocial. Ela pode evitar, inclusive, muitas vezes, a judicializa\u00e7\u00e3o e outras formas de se alcan\u00e7ar o acordo\u201d, explicou o vice-presidente da Contraf-CUT.<\/p>\n<p>A vice-presidente da Associa\u00e7\u00e3o dos Funcion\u00e1rios do BNDES, Pauliane Oliveira, refor\u00e7ou a import\u00e2ncia da participa\u00e7\u00e3o do banco na mesa \u00fanica de negocia\u00e7\u00f5es. \u201c\u00c9 muito importante que o BNDES participe dessa frente, que aceite integrar a mesa \u00fanica com a Fenaban, junto com os outros bancos p\u00fablicos federais, o que n\u00e3o se confunde, \u00e9 claro, com a discuss\u00e3o do nosso ACT (Acordo Coletivo de Trabalho) espec\u00edfico\u201d, disse.<\/p>\n<p>Al\u00e9m de Vin\u00edcius e Pauliane, o presidente do Sindicato dos Bancarios Rio de Janeiro, Jos\u00e9 Ferreira, o representante da AFFINAME, Jorge Henrique Velloso, da AFBNDESPAR, Cl\u00e1udio Abreu, e da AFBNDES, Fernando Newlands tamb\u00e9m participaram da reuni\u00e3o de entrega da minuta de reivindica\u00e7\u00f5es. Os trabalhadores aguardam, agora, a defini\u00e7\u00e3o do calend\u00e1rio de negocia\u00e7\u00f5es espec\u00edficas e a ades\u00e3o das empresas do Sistema BNDES \u00e0 mesa \u00fanica de negocia\u00e7\u00f5es.<\/p>\n<p><strong>Fonte: Contraf-CUT<\/strong><\/p>\n","protected":false},"excerpt":{"rendered":"<p>A pauta de reivindica\u00e7\u00f5es dos empregados do Sistema BNDES para a renova\u00e7\u00e3o do Acordo Coletivo de Trabalho (ACT) de 2022,\u00a0aprovada em Congresso no dia 7 de junho, foi entregue ao banco na manh\u00e3 desta sexta-feira (24). A reuni\u00e3o para a entrega da minuta ocorreu no formato eletr\u00f4nico, por videoconfer\u00eancia. \u201cEsperamos que todas a justas reivindica\u00e7\u00f5es [&hellip;]<\/p>\n","protected":false},"author":2,"featured_media":12716,"comment_status":"","ping_status":"","sticky":false,"template":"","format":"standard","meta":{"footnotes":""},"categories":[3],"tags":[],"class_list":["post-12717","post","type-post","status-publish","format-standard","has-post-thumbnail","hentry","category-noticias"],"_links":{"self":[{"href":"https:\/\/hostnetart.com.br\/baixada\/wp-json\/wp\/v2\/posts\/12717","targetHints":{"allow":["GET"]}}],"collection":[{"href":"https:\/\/hostnetart.com.br\/baixada\/wp-json\/wp\/v2\/posts"}],"about":[{"href":"https:\/\/hostnetart.com.br\/baixada\/wp-json\/wp\/v2\/types\/post"}],"author":[{"embeddable":true,"href":"https:\/\/hostnetart.com.br\/baixada\/wp-json\/wp\/v2\/users\/2"}],"replies":[{"embeddable":true,"href":"https:\/\/hostnetart.com.br\/baixada\/wp-json\/wp\/v2\/comments?post=12717"}],"version-history":[{"count":0,"href":"https:\/\/hostnetart.com.br\/baixada\/wp-json\/wp\/v2\/posts\/12717\/revisions"}],"wp:featuredmedia":[{"embeddable":true,"href":"https:\/\/hostnetart.com.br\/baixada\/wp-json\/wp\/v2\/media\/12716"}],"wp:attachment":[{"href":"https:\/\/hostnetart.com.br\/baixada\/wp-json\/wp\/v2\/media?parent=12717"}],"wp:term":[{"taxonomy":"category","embeddable":true,"href":"https:\/\/hostnetart.com.br\/baixada\/wp-json\/wp\/v2\/categories?post=12717"},{"taxonomy":"post_tag","embeddable":true,"href":"https:\/\/hostnetart.com.br\/baixada\/wp-json\/wp\/v2\/tags?post=12717"}],"curies":[{"name":"wp","href":"https:\/\/api.w.org\/{rel}","templated":true}]}}