{"id":12711,"date":"2022-06-23T18:49:41","date_gmt":"2022-06-23T21:49:41","guid":{"rendered":"https:\/\/hostnetart.com.br\/baixada\/trabalho-bancario-nos-finais-de-semana-nao-vote-nao-para-a-pl-1043-19\/"},"modified":"2022-06-23T18:49:41","modified_gmt":"2022-06-23T21:49:41","slug":"trabalho-bancario-nos-finais-de-semana-nao-vote-nao-para-a-pl-1043-19","status":"publish","type":"post","link":"https:\/\/hostnetart.com.br\/baixada\/trabalho-bancario-nos-finais-de-semana-nao-vote-nao-para-a-pl-1043-19\/","title":{"rendered":"Trabalho banc\u00e1rio nos finais de semana, n\u00e3o! Vote N\u00c3O para a PL 1043\/19"},"content":{"rendered":"<p>Na pr\u00f3xima ter\u00e7a-feira, dia 28 de junho, o Projeto de Lei 1043\/2019, que libera a abertura dos bancos aos s\u00e1bados e domingos, estar\u00e1 em pauta em audi\u00eancia p\u00fablica na Comiss\u00e3o de Direitos do Consumidor da C\u00e2mara dos Deputados.<\/p>\n<p>O projeto, apresentado pelo deputado David Soares (Uni\u00e3o-SP) estava ordem do dia de vota\u00e7\u00e3o pela CDC no final de maio, mas foi retirado da pauta ap\u00f3s forte press\u00e3o do Movimento Sindical Banc\u00e1rio.<\/p>\n<p><strong>IMPORTANTE:<\/strong>\u00a0A C\u00e2mara dos Deputados tem uma enquete, onde\u00a0qualquer cidad\u00e3o\u00a0pode votar e se manifestar sobre o PL 1043, dizendo qual sua posi\u00e7\u00e3o sobre o funcionamento das institui\u00e7\u00f5es financeiras aos s\u00e1bados e domingos.\u00a0<\/p>\n<p>Para votar, acesse:\u00a0<a href=\"https:\/\/forms.camara.leg.br\/ex\/enquetes\/2192746\" target=\"_blank\" rel=\"noopener noreferrer\">enquete\u00a0<em>online<\/em><\/a>\u00a0<\/p>\n<p>Desde que o PL 1043\/2019 foi apresentado na C\u00e2mara dos Deputados, o movimento sindical tem atuado contra o avan\u00e7o de sua tramita\u00e7\u00e3o por entender que o assunto deve tratado em mesa de negocia\u00e7\u00f5es entre os bancos e o movimento e por se tratar de um\u00a0<em>lobby<\/em>\u00a0que visa apenas o lucro dos bancos, desconsiderando os interesses de clientes e da categoria banc\u00e1ria.<\/p>\n<p>A proposta j\u00e1 teve parecer favor\u00e1vel do relator, deputado Eli Corr\u00eaa Filho (Uni\u00e3o-SP), que em seu substitutivo, diz que \u00e9 \u201cfundamental que seja garantida a liberdade para que cada institui\u00e7\u00e3o\u201d, em nome da \u201clivre concorr\u00eancia\u201d, \u201copte ou n\u00e3o pelo funcionamento aos s\u00e1bados e domingos, criando uma competi\u00e7\u00e3o saud\u00e1vel e desejada\u201d.<\/p>\n<p>O diretor do Sindicato dos Banc\u00e1rios do Esp\u00edrito Santo (Sindibanc\u00e1rios\/ES), filiado \u00e0\u00a0Federac\u0327a\u0303o dos Trabalhadores do Ramo Financeiro dos Estados do Rio de Janeiro e Espi\u0301rito Santo (Fetraf RJ\/ES), e integrante do Comando Nacional, Carlos Pereira de Ara\u00fajo (Carl\u00e3o), participou, dia 22 de junho, da reuni\u00e3o do Comando Nacional dos Banc\u00e1rios, que definiu os temas das reuni\u00f5es de negocia\u00e7\u00f5es com a Federa\u00e7\u00e3o Nacional do Bancos (Fenaban), e declarou:\u00a0\u201cFomos enf\u00e1ticos ao afirmar que esse projeto \u00e9 totalmente descabido. J\u00e1 temos acordos espec\u00edficos com diversos bancos sobre o trabalho de banc\u00e1rios quando h\u00e1, excepcionalmente, feir\u00f5es de neg\u00f3cios nos finais de semana. Abrir as ag\u00eancias aos s\u00e1bados e domingos n\u00e3o gera emprego, n\u00e3o muda as condi\u00e7\u00f5es de trabalho dos banc\u00e1rios e n\u00e3o melhora as condi\u00e7\u00f5es de atendimento aos clientes, que podem utilizar os meios tecnol\u00f3gicos para fazer as movimentais financeiras nesse per\u00edodo. Defendemos que os bancos se posicionem e atuem para retirar esse PL da pauta de vota\u00e7\u00e3o na C\u00e2mara\u201d.<\/p>\n<p>Outro ponto apontado pelo movimento sindical \u00e9 com rela\u00e7\u00e3o \u00e0 seguran\u00e7a no servi\u00e7o banc\u00e1rio, de responsabilidade da Pol\u00edcia Federal, que requer plano muito bem elaborado.\u00a0<\/p>\n<p>O Comando Nacional dos Banc\u00e1rios tamb\u00e9m solicitou que os bancos trabalhem no sentido de retirar o Projeto de Lei 1043\/2019, que prop\u00f5e a libera\u00e7\u00e3o da abertura de ag\u00eancias banc\u00e1rias aos finais de semana, da pauta de vota\u00e7\u00e3o.<\/p>\n<p><strong>Audi\u00eancia p\u00fablica ordin\u00e1ria semipresencial do PL 1043\/2019<\/strong><\/p>\n<p><strong>Tema<\/strong>: abertura de ag\u00eancias banc\u00e1rias aos s\u00e1bados e domingos<br \/><strong>Quando<\/strong>: ter\u00e7a-feira, dia 28 de junho, \u00e0s 10h<br \/><strong>Onde<\/strong>: C\u00e2mara dos Deputados, Anexo II, Plen\u00e1rio 08<br \/>A audi\u00eancia ser\u00e1 transmitida ao vivo pela TV C\u00e2mara.<\/p>\n<p><span style=\"text-decoration: underline;\">Fonte: Fetraf RJ\/ES<\/span><\/p>\n","protected":false},"excerpt":{"rendered":"<p>Na pr\u00f3xima ter\u00e7a-feira, dia 28 de junho, o Projeto de Lei 1043\/2019, que libera a abertura dos bancos aos s\u00e1bados e domingos, estar\u00e1 em pauta em audi\u00eancia p\u00fablica na Comiss\u00e3o de Direitos do Consumidor da C\u00e2mara dos Deputados. O projeto, apresentado pelo deputado David Soares (Uni\u00e3o-SP) estava ordem do dia de vota\u00e7\u00e3o pela CDC no [&hellip;]<\/p>\n","protected":false},"author":2,"featured_media":12710,"comment_status":"","ping_status":"","sticky":false,"template":"","format":"standard","meta":{"footnotes":""},"categories":[3],"tags":[],"class_list":["post-12711","post","type-post","status-publish","format-standard","has-post-thumbnail","hentry","category-noticias"],"_links":{"self":[{"href":"https:\/\/hostnetart.com.br\/baixada\/wp-json\/wp\/v2\/posts\/12711","targetHints":{"allow":["GET"]}}],"collection":[{"href":"https:\/\/hostnetart.com.br\/baixada\/wp-json\/wp\/v2\/posts"}],"about":[{"href":"https:\/\/hostnetart.com.br\/baixada\/wp-json\/wp\/v2\/types\/post"}],"author":[{"embeddable":true,"href":"https:\/\/hostnetart.com.br\/baixada\/wp-json\/wp\/v2\/users\/2"}],"replies":[{"embeddable":true,"href":"https:\/\/hostnetart.com.br\/baixada\/wp-json\/wp\/v2\/comments?post=12711"}],"version-history":[{"count":0,"href":"https:\/\/hostnetart.com.br\/baixada\/wp-json\/wp\/v2\/posts\/12711\/revisions"}],"wp:featuredmedia":[{"embeddable":true,"href":"https:\/\/hostnetart.com.br\/baixada\/wp-json\/wp\/v2\/media\/12710"}],"wp:attachment":[{"href":"https:\/\/hostnetart.com.br\/baixada\/wp-json\/wp\/v2\/media?parent=12711"}],"wp:term":[{"taxonomy":"category","embeddable":true,"href":"https:\/\/hostnetart.com.br\/baixada\/wp-json\/wp\/v2\/categories?post=12711"},{"taxonomy":"post_tag","embeddable":true,"href":"https:\/\/hostnetart.com.br\/baixada\/wp-json\/wp\/v2\/tags?post=12711"}],"curies":[{"name":"wp","href":"https:\/\/api.w.org\/{rel}","templated":true}]}}