{"id":1271,"date":"2013-07-31T00:00:00","date_gmt":"2013-07-31T03:00:00","guid":{"rendered":"https:\/\/hostnetart.com.br\/baixada\/mobilizacoes-em-brasilia-contra-o-pl-4330-serao-nos-dias-13-e-14-de-agosto\/"},"modified":"2013-07-31T00:00:00","modified_gmt":"2013-07-31T03:00:00","slug":"mobilizacoes-em-brasilia-contra-o-pl-4330-serao-nos-dias-13-e-14-de-agosto","status":"publish","type":"post","link":"https:\/\/hostnetart.com.br\/baixada\/mobilizacoes-em-brasilia-contra-o-pl-4330-serao-nos-dias-13-e-14-de-agosto\/","title":{"rendered":"Mobiliza\u00e7\u00f5es em Bras\u00edlia contra o PL 4330 ser\u00e3o nos dias 13 e 14 de agosto"},"content":{"rendered":"<p>A Contraf-CUT informa todas as entidades filiadas que as mobiliza\u00e7\u00f5es em Bras\u00edlia para convencer os parlamentares a rejeitarem o PL 4330, que libera por inteiro a terceiriza\u00e7\u00e3o e aumenta a precariza\u00e7\u00e3o do trabalho, foram alteradas para os dias 13 e 14 de agosto (ter\u00e7a e quarta-feiras).<\/p>\n<p>\u00a0<\/p>\n<p>As datas (que inicialmente estavam marcadas para 12 e 13) foram alteradas em fun\u00e7\u00e3o da avalia\u00e7\u00e3o da Dire\u00e7\u00e3o Nacional da CUT de que o PL pode ser votado pela Comiss\u00e3o de Constitui\u00e7\u00e3o, Justi\u00e7a e Cidadania (CCJC) da C\u00e2mara na ter\u00e7a-feira 13 ou na quarta-feira 14, se at\u00e9 l\u00e1 n\u00e3o houver acordo na mesa quatripartite, formada pelas centrais sindicais, governo, empres\u00e1rios e parlamentares.<\/p>\n<p>\u00a0<\/p>\n<p>\u201cVamos aproveitar esses dois dias para fazer visitas aos deputados que integram a Comiss\u00e3o e tamb\u00e9m aos senadores, uma vez que um projeto de lei semelhante ao PL 4330 est\u00e1 tramitando no Senado. Por isso \u00e9 imprescind\u00edvel que os banc\u00e1rios intensifiquem a mobiliza\u00e7\u00e3o, junto com as demais categorias de trabalhadores. \u00c9 importante que nossas entidades enviem o m\u00e1ximo de representantes a Bras\u00edlia nos dias 13 e 14 para fazermos esse trabalho de convencimento\u201d, afirma Carlos Cordeiro, presidente da Contraf-CUT.<\/p>\n<p>\u00a0<\/p>\n<p>\u00a0<\/p>\n<p><strong>\u2018Falta de compromisso dos patr\u00f5es\u2019<\/strong><\/p>\n<p>\u00a0<\/p>\n<p>A apresenta\u00e7\u00e3o no Senado desse projeto de lei semelhante ao PL 433 levou a CUT Nacional a divulgar uma dura nota oficial na sexta-feira 26 de julho. \u201cDesde o in\u00edcio das rodadas, o setor patronal demonstrou total falta de compromisso com a negocia\u00e7\u00e3o na Mesa Nacional Quadripartite que, ap\u00f3s oito rodadas de negocia\u00e7\u00e3o, n\u00e3o avan\u00e7ou em nada!\u201d, diz a nota da CUT<\/p>\n<p>\u00a0<\/p>\n<p>\u201cNo dia 17 de julho, fomos surpreendidos pela atitude do senador Armando Monteiro (PTB\/PE), presidente da Confedera\u00e7\u00e3o Nacional da Ind\u00fastria (CNI) de 2002 a 2010, que apresentou na Comiss\u00e3o de Constitui\u00e7\u00e3o e Justi\u00e7a do Senado um substitutivo ao PLS 87\/10, na mesma linha do PL 4330\u2033, acrescenta a central sindical.<\/p>\n<p>\u00a0<\/p>\n<p>\u201cVisando atender exclusivamente aos interesses do empresariado, o senador traiu o princ\u00edpio da boa f\u00e9 no processo de negocia\u00e7\u00e3o estabelecido na Mesa, demonstrando total desrespeito \u00e0s Centrais Sindicais e \u00e0 democracia, que deve ter no di\u00e1logo e na participa\u00e7\u00e3o da sociedade o par\u00e2metro para a elabora\u00e7\u00e3o de legisla\u00e7\u00e3o que diga respeito \u00e0 rela\u00e7\u00e3o entre patr\u00f5es e empregados\u201d, critica a CUT.<\/p>\n<p>\u00a0<\/p>\n<p>\u00a0<\/p>\n<p>\u00a0<\/p>\n<p>\u00a0<\/p>\n<p><a href=\"http:\/\/www.contrafcut.org.br\/noticias.asp?CodNoticia=35154\" target=\"_blank\" rel=\"noopener noreferrer\">Veja aqui<\/a>\u00a0a \u00edntegra da nota oficial da CUT.<\/p>\n<p>\u00a0<\/p>\n<p>\u00a0<\/p>\n<p><strong>Jornada de Mobiliza\u00e7\u00e3o no dia 6<\/strong><\/p>\n<p>\u00a0<\/p>\n<p>A Contraf-CUT orienta todas as entidades filiadas a intensificarem os preparativos para o Dia Nacional de Luta contra o PL 4330, convocado pela CUT e pelas centrais sindicais para a ter\u00e7a-feira 6 de agosto, quando ser\u00e3o realizados atos contra a terceiriza\u00e7\u00e3o nas portas das federa\u00e7\u00f5es patronais (Febraban, etc) em todas as capitais do Brasil e tamb\u00e9m nas confedera\u00e7\u00f5es de empres\u00e1rios (CNI, CNC, etc) em Bras\u00edlia.<\/p>\n<p>\u00a0<\/p>\n<p>O objetivo \u00e9 pressionar os empres\u00e1rios a retirar da pauta da C\u00e2mara dos Deputados o Projeto de Lei 4330.<\/p>\n<p>\u00a0<\/p>\n<p>Os atos foram marcados para o dia 6 porque, no dia 5, terminam as negocia\u00e7\u00f5es da Mesa Quadripartite, que re\u00fane trabalhadores, empres\u00e1rios, governo e deputados federais, que est\u00e1 discutindo altera\u00e7\u00f5es no texto do PL da terceiriza\u00e7\u00e3o.<\/p>\n<p>\u00a0<\/p>\n<p>\u00a0<\/p>\n<p><strong>Mesa Quatripartite n\u00e3o avan\u00e7a<\/strong><\/p>\n<p>\u00a0<\/p>\n<p>Na Mesa Quatripartite, a bancada sindical est\u00e1 tentando alterar o texto para proteger os direitos dos trabalhadores, mas h\u00e1 muita resist\u00eancia da bancada patronal. A CUT e demais centrais sindicais realizaram nova rodada da Mesa nesta segunda-feira 29, sem que houvesse avan\u00e7os.<\/p>\n<p>\u00a0<\/p>\n<p>\u00a0<\/p>\n<p><a href=\"http:\/\/www.contrafcut.org.br\/noticias.asp?CodNoticia=35172\" target=\"_blank\" rel=\"noopener noreferrer\">Leia aqui<\/a>\u00a0sobre a rodada de negocia\u00e7\u00e3o da Mesa Quatripartite.<\/p>\n","protected":false},"excerpt":{"rendered":"<p>A Contraf-CUT informa todas as entidades filiadas que as mobiliza\u00e7\u00f5es em Bras\u00edlia para convencer os parlamentares a rejeitarem o PL 4330, que libera por inteiro a terceiriza\u00e7\u00e3o e aumenta a precariza\u00e7\u00e3o do trabalho, foram alteradas para os dias 13 e 14 de agosto (ter\u00e7a e quarta-feiras). \u00a0 As datas (que inicialmente estavam marcadas para 12 [&hellip;]<\/p>\n","protected":false},"author":1,"featured_media":0,"comment_status":"","ping_status":"","sticky":false,"template":"","format":"standard","meta":{"footnotes":""},"categories":[3],"tags":[],"class_list":["post-1271","post","type-post","status-publish","format-standard","hentry","category-noticias"],"_links":{"self":[{"href":"https:\/\/hostnetart.com.br\/baixada\/wp-json\/wp\/v2\/posts\/1271","targetHints":{"allow":["GET"]}}],"collection":[{"href":"https:\/\/hostnetart.com.br\/baixada\/wp-json\/wp\/v2\/posts"}],"about":[{"href":"https:\/\/hostnetart.com.br\/baixada\/wp-json\/wp\/v2\/types\/post"}],"author":[{"embeddable":true,"href":"https:\/\/hostnetart.com.br\/baixada\/wp-json\/wp\/v2\/users\/1"}],"replies":[{"embeddable":true,"href":"https:\/\/hostnetart.com.br\/baixada\/wp-json\/wp\/v2\/comments?post=1271"}],"version-history":[{"count":0,"href":"https:\/\/hostnetart.com.br\/baixada\/wp-json\/wp\/v2\/posts\/1271\/revisions"}],"wp:attachment":[{"href":"https:\/\/hostnetart.com.br\/baixada\/wp-json\/wp\/v2\/media?parent=1271"}],"wp:term":[{"taxonomy":"category","embeddable":true,"href":"https:\/\/hostnetart.com.br\/baixada\/wp-json\/wp\/v2\/categories?post=1271"},{"taxonomy":"post_tag","embeddable":true,"href":"https:\/\/hostnetart.com.br\/baixada\/wp-json\/wp\/v2\/tags?post=1271"}],"curies":[{"name":"wp","href":"https:\/\/api.w.org\/{rel}","templated":true}]}}