{"id":12705,"date":"2022-06-22T21:31:41","date_gmt":"2022-06-23T00:31:41","guid":{"rendered":"https:\/\/hostnetart.com.br\/baixada\/temas-das-negociacoes-com-os-bancos-sao-definidos\/"},"modified":"2022-06-22T21:31:41","modified_gmt":"2022-06-23T00:31:41","slug":"temas-das-negociacoes-com-os-bancos-sao-definidos","status":"publish","type":"post","link":"https:\/\/hostnetart.com.br\/baixada\/temas-das-negociacoes-com-os-bancos-sao-definidos\/","title":{"rendered":"Temas das negocia\u00e7\u00f5es com os bancos s\u00e3o definidos"},"content":{"rendered":"<p>Nesta quarta-feira, 22 de junho, o Comando Nacional dos Banc\u00e1rios definiu os temas das reuni\u00f5es de negocia\u00e7\u00f5es com a Federa\u00e7\u00e3o Nacional do Bancos (Fenaban).<\/p>\n<p>A Federac\u0327a\u0303o dos Trabalhadores do Ramo Financeiro dos Estados do Rio de Janeiro e Espi\u0301rito Santo (Fetraf RJ\/ES) esteve representada por Nilton Dami\u00e3o Esperan\u00e7a, Presidente da entidade.<\/p>\n<p>&#8220;Espero que os bancos venham com respostas positivas para as nossas solicita\u00e7\u00f5es. Enfrentaremos muitas dificuldades nos temas que enumeramos mas, com certeza, com determina\u00e7\u00e3o, uni\u00e3o e participa\u00e7\u00e3o das banc\u00e1rias e banc\u00e1rios, teremos uma campanha\u00a0 vitoriosa. Vamos ganhar esse jogo! Unidos, somos fortes&#8221;, declarou Nilton Dami\u00e3o.<\/p>\n<p>Emprego e terceiriza\u00e7\u00e3o ser\u00e3o os temas tratados na pr\u00f3xima reuni\u00e3o; na sequ\u00eancia, cl\u00e1usulas sociais e seguran\u00e7a banc\u00e1ria; cl\u00e1usulas sociais e teletrabalho; igualdade de oportunidades; sa\u00fade e condi\u00e7\u00f5es de trabalho; e duas reuni\u00f5es sobre as cl\u00e1usulas econ\u00f4micas.<\/p>\n<h3>\u00a0<\/h3>\n<p>Antes de entrar na pauta definida para o dia, o Comando Nacional dos Banc\u00e1rios reivindicou o abono das horas negativas das pessoas com comorbidade para as quais o banco n\u00e3o conseguiu viabilizar o trabalho remoto durante a pandemia.<\/p>\n<p>A Fenaban disse que, como as negocia\u00e7\u00f5es sobre banco de horas foram realizados diretamente com os bancos, far\u00e1 um levantamento sobre quais s\u00e3o os casos e discutir\u00e1 a proposta com cada um deles.<\/p>\n<p>O Comando tamb\u00e9m lembrou sobre a recente decis\u00e3o do Supremo Tribunal Federal (STF),\u00a0com rela\u00e7\u00e3o \u00e0 necessidade de negocia\u00e7\u00f5es com os sindicatos antes de empresas promoverem demiss\u00f5es em massa. O Banco Mercantil do Brasil \u00e9 um exemplo recente disso.<\/p>\n<p>A Fenaban disse que recebeu of\u00edcio da Confedera\u00e7\u00e3o Nacional dos Trabalhadores do Ramo Financeiro (Contraf-CUT), com a solicita\u00e7\u00e3o, e j\u00e1 est\u00e1 tentando agendar reuni\u00e3o com o banco para tratar do assunto. Ficou de dar resposta \u00e0 representa\u00e7\u00e3o da categoria at\u00e9 a manh\u00e3 desta quinta-feira (23).<\/p>\n<p>O Comando Nacional dos Banc\u00e1rios tamb\u00e9m solicitou que os bancos trabalhem no sentido de retirar o Projeto de Lei 1043\/2019, que prop\u00f5e a libera\u00e7\u00e3o da abertura de ag\u00eancias banc\u00e1rias aos finais de semana, da pauta de vota\u00e7\u00e3o.<\/p>\n<p>\u201cFomos enf\u00e1ticos ao afirmar que esse projeto \u00e9 totalmente descabido. J\u00e1 temos acordos espec\u00edficos com diversos bancos sobre o trabalho de banc\u00e1rios quando h\u00e1, excepcionalmente, feir\u00f5es de neg\u00f3cios nos finais de semana. Abrir as ag\u00eancias aos s\u00e1bados e domingos n\u00e3o gera emprego, n\u00e3o muda as condi\u00e7\u00f5es de trabalho dos banc\u00e1rios e n\u00e3o melhora as condi\u00e7\u00f5es de atendimento aos clientes, que podem utilizar os meios tecnol\u00f3gicos para fazer as movimentais financeiras nesse per\u00edodo. Defendemos que os bancos se posicionem e atuem para retirar esse PL da pauta de vota\u00e7\u00e3o na C\u00e2mara\u201d, enfatizou o diretor do Sindicato dos Banc\u00e1rios do Esp\u00edrito Santo (Sindibanc\u00e1rios\/ES) e integrante do Comando Nacional, Carlos Pereira de Ara\u00fajo (Carl\u00e3o), que tamb\u00e9m participou da reuni\u00e3o.<\/p>\n<p><strong>Calend\u00e1rio de negocia\u00e7\u00f5es:<\/strong><\/p>\n<p>Segunda-feira, 27 de junho:<br \/>Emprego e Terceiriza\u00e7\u00e3o<\/p>\n<p>Quarta-feira, 6 de julho:<br \/>Cl\u00e1usulas sociais e seguran\u00e7a banc\u00e1ria<\/p>\n<p>Sexta-feira, 22 de julho<br \/>Cl\u00e1usulas sociais e teletrabalho<\/p>\n<p>Quinta-feira, 28 de julho<br \/>Igualdade de oportunidades<\/p>\n<p>Segunda-feira, 1 de agosto<br \/>Sa\u00fade e condi\u00e7\u00f5es de trabalho<\/p>\n<p>Quarta-feira, 3 de agosto<br \/>Cl\u00e1usulas econ\u00f4micas<\/p>\n<p>Quinta-feira, 11 de agosto<br \/>Continua\u00e7\u00e3o das cl\u00e1usulas econ\u00f4micas<\/p>\n<p><strong>Fonte: Fetraf RJ\/ES<\/strong><\/p>\n","protected":false},"excerpt":{"rendered":"<p>Nesta quarta-feira, 22 de junho, o Comando Nacional dos Banc\u00e1rios definiu os temas das reuni\u00f5es de negocia\u00e7\u00f5es com a Federa\u00e7\u00e3o Nacional do Bancos (Fenaban). A Federac\u0327a\u0303o dos Trabalhadores do Ramo Financeiro dos Estados do Rio de Janeiro e Espi\u0301rito Santo (Fetraf RJ\/ES) esteve representada por Nilton Dami\u00e3o Esperan\u00e7a, Presidente da entidade. &#8220;Espero que os bancos [&hellip;]<\/p>\n","protected":false},"author":2,"featured_media":12704,"comment_status":"","ping_status":"","sticky":false,"template":"","format":"standard","meta":{"footnotes":""},"categories":[3],"tags":[],"class_list":["post-12705","post","type-post","status-publish","format-standard","has-post-thumbnail","hentry","category-noticias"],"_links":{"self":[{"href":"https:\/\/hostnetart.com.br\/baixada\/wp-json\/wp\/v2\/posts\/12705","targetHints":{"allow":["GET"]}}],"collection":[{"href":"https:\/\/hostnetart.com.br\/baixada\/wp-json\/wp\/v2\/posts"}],"about":[{"href":"https:\/\/hostnetart.com.br\/baixada\/wp-json\/wp\/v2\/types\/post"}],"author":[{"embeddable":true,"href":"https:\/\/hostnetart.com.br\/baixada\/wp-json\/wp\/v2\/users\/2"}],"replies":[{"embeddable":true,"href":"https:\/\/hostnetart.com.br\/baixada\/wp-json\/wp\/v2\/comments?post=12705"}],"version-history":[{"count":0,"href":"https:\/\/hostnetart.com.br\/baixada\/wp-json\/wp\/v2\/posts\/12705\/revisions"}],"wp:featuredmedia":[{"embeddable":true,"href":"https:\/\/hostnetart.com.br\/baixada\/wp-json\/wp\/v2\/media\/12704"}],"wp:attachment":[{"href":"https:\/\/hostnetart.com.br\/baixada\/wp-json\/wp\/v2\/media?parent=12705"}],"wp:term":[{"taxonomy":"category","embeddable":true,"href":"https:\/\/hostnetart.com.br\/baixada\/wp-json\/wp\/v2\/categories?post=12705"},{"taxonomy":"post_tag","embeddable":true,"href":"https:\/\/hostnetart.com.br\/baixada\/wp-json\/wp\/v2\/tags?post=12705"}],"curies":[{"name":"wp","href":"https:\/\/api.w.org\/{rel}","templated":true}]}}