{"id":12701,"date":"2022-06-22T18:34:10","date_gmt":"2022-06-22T21:34:10","guid":{"rendered":"https:\/\/hostnetart.com.br\/baixada\/existe-medida-eficaz-contra-a-covid-atualmente-imunologista-indica-vacinacao-em-dia\/"},"modified":"2022-06-22T18:34:10","modified_gmt":"2022-06-22T21:34:10","slug":"existe-medida-eficaz-contra-a-covid-atualmente-imunologista-indica-vacinacao-em-dia","status":"publish","type":"post","link":"https:\/\/hostnetart.com.br\/baixada\/existe-medida-eficaz-contra-a-covid-atualmente-imunologista-indica-vacinacao-em-dia\/","title":{"rendered":"Existe medida eficaz contra a covid atualmente? Imunologista indica vacina\u00e7\u00e3o em dia"},"content":{"rendered":"<p>O Brasil vive o que tem se chamado de\u00a0<a href=\"https:\/\/www.brasildefato.com.br\/2022\/06\/07\/quarta-onda-de-covid-ja-e-realidade\" target=\"_blank\" rel=\"noopener noreferrer\">4\u00aa\u00a0onda de covid<\/a>. Isso pode ser comprovado pelos dados divulgados recentemente pelo Conselho Nacional de Secret\u00e1rios de Sa\u00fade, que apontam o aumento de 122% no n\u00famero de casos confirmados nas \u00faltimas semanas. Eram 14 mil casos ativos na semana do dia 20 de maio. Duas semanas ap\u00f3s, o n\u00famero j\u00e1 estava em 31 mil.<\/p>\n<p>A imunologista, pesquisadora e vice-diretora de ensino do Instituto Gon\u00e7alo Moniz (Fiocruz Bahia), Claudia Ida Brodskyn, comenta este cen\u00e1rio. &#8220;De fato, a Bahia est\u00e1 enfrentando praticamente uma nova onda de covid, mas n\u00f3s temos que lembrar que, com a imuniza\u00e7\u00e3o, diminu\u00edram muitos os casos de\u00a0<a href=\"https:\/\/www.brasildefato.com.br\/minuto-a-minuto\/coronavirus-no-brasil\" target=\"_blank\" rel=\"noopener noreferrer\">agravamento da doen\u00e7a<\/a>\u00a0e mesmo das mortes. Ent\u00e3o, neste momento, a coisa mais importante \u00e9 voc\u00ea manter a imuniza\u00e7\u00e3o em dia&#8221;, destaca.\u00a0<\/p>\n<p>Entre as causas dessa quarta onda, est\u00e3o as variantes de alta transmissibilidade, o relaxamento de medidas preventivas, a exemplo do\u00a0<a href=\"https:\/\/www.brasildefato.com.br\/2022\/03\/11\/e-hora-de-liberar-o-uso-de-mascaras-entenda-no-programa-bem-viver\" target=\"_blank\" rel=\"noopener noreferrer\">uso de m\u00e1scaras<\/a>, e a redu\u00e7\u00e3o da imunidade contra a covid meses ap\u00f3s a imuniza\u00e7\u00e3o com as vacinas. &#8220;A pr\u00f3pria Organiza\u00e7\u00e3o Mundial de Sa\u00fade (OMS) j\u00e1 come\u00e7a a admitir que o Sars-cov-2\u00a0n\u00e3o vai embora. Ent\u00e3o, a covid vai se tornar uma doen\u00e7a end\u00eamica. Infelizmente n\u00f3s ainda vivemos uma pandemia&#8221;, alerta Claudia.\u00a0<\/p>\n<p>Desde abril de 2022, o governo da Bahia desobrigou o uso de m\u00e1scaras em locais fechados. Tal uso segue obrigat\u00f3rio em hospitais e locais de atendimento ao p\u00fablico. Al\u00e9m disso, o governo recomenda usar m\u00e1scaras em transportes p\u00fablicos e tamb\u00e9m pelas pessoas com baixa imunidade e mais vulner\u00e1veis. De acordo com Claudia, algumas medidas preventivas precisam ser retomadas.<\/p>\n<p>&#8220;Depois de dois anos e meio, acho que os principais conselhos que podem ser dados \u00e9 voc\u00ea usar a m\u00e1scara em locais fechados, evitar grandes aglomera\u00e7\u00f5es, e tentar ao m\u00e1ximo, e isso \u00e9 o mais importante de tudo,\u00a0manter a imuniza\u00e7\u00e3o em dia. Pois, mantendo as tr\u00eas ou quatro doses da vacina, nos garante um n\u00famero de casos menos graves e menos mortes&#8221;, observa a imunologista.\u00a0<\/p>\n<p><span style=\"text-decoration: underline;\">Dados locais<\/span><\/p>\n<p>Na Bahia, de acordo com a Secretaria Estadual de Sa\u00fade, s\u00e3o\u00a04.317 casos ativos atualmente. Apesar da porcentagem mais t\u00edmida, tamb\u00e9m se observa crescimento do n\u00famero de pessoas contaminadas. O boletim epidemiol\u00f3gico mais recente (21.06) mostra o aumento de 0,07% de casos de covid nas \u00faltimas 24 horas. Al\u00e9m disso, sabe-se que esses n\u00fameros podem ser ainda maiores, j\u00e1 que a quantidade de testes realizada \u00e9 muito baixa.<\/p>\n<p>Desde o come\u00e7o da pandemia at\u00e9 o momento, foram contabilizados mais de 1 milh\u00e3o e quinhentos mil casos de covid e quase 30 mil mortes no estado. No momento, a Bahia tem 456 leitos ativos para tratamento da doen\u00e7a e est\u00e1 com o ocupa\u00e7\u00e3o de 18%. Nas UTIs pedi\u00e1tricas, a ocupa\u00e7\u00e3o \u00e9 bem maior, est\u00e1 em 74%.\u00a0<\/p>\n<p>Como traz a imunologista Claudia e demais especialistas na \u00e1rea de sa\u00fade, a vacina\u00e7\u00e3o segue sendo muito importante no enfrentamento \u00e0 covid. Atualmente, 47,64% dos baianos tomaram a 3\u00b0 dose e apenas 19,93% tomaram a 4\u00b0 dose. &#8220;Os \u00edndices de vacina\u00e7\u00e3o ainda s\u00e3o baixos, por isso que as campanhas para vacina\u00e7\u00e3o da covid devem ser incentivadas. Precisamos alertar a toda a popula\u00e7\u00e3o, principalmente com esses festejos de S\u00e3o Jo\u00e3o, para que se vacinem, tenham pelo menos as tr\u00eas doses&#8221;, refor\u00e7a.\u00a0<\/p>\n<p><strong>Fonte:\u00a0<\/strong><a href=\"https:\/\/www.brasildefatoba.com.br\/2022\/06\/22\/vacinacao-em-dia-e-a-medida-mais-eficaz-contra-covid-atualmente-afirma-imunologista\" target=\"_blank\" rel=\"noopener noreferrer\">BdF Bahia<\/a><\/p>\n","protected":false},"excerpt":{"rendered":"<p>O Brasil vive o que tem se chamado de\u00a04\u00aa\u00a0onda de covid. Isso pode ser comprovado pelos dados divulgados recentemente pelo Conselho Nacional de Secret\u00e1rios de Sa\u00fade, que apontam o aumento de 122% no n\u00famero de casos confirmados nas \u00faltimas semanas. Eram 14 mil casos ativos na semana do dia 20 de maio. Duas semanas ap\u00f3s, [&hellip;]<\/p>\n","protected":false},"author":2,"featured_media":12700,"comment_status":"","ping_status":"","sticky":false,"template":"","format":"standard","meta":{"footnotes":""},"categories":[3],"tags":[],"class_list":["post-12701","post","type-post","status-publish","format-standard","has-post-thumbnail","hentry","category-noticias"],"_links":{"self":[{"href":"https:\/\/hostnetart.com.br\/baixada\/wp-json\/wp\/v2\/posts\/12701","targetHints":{"allow":["GET"]}}],"collection":[{"href":"https:\/\/hostnetart.com.br\/baixada\/wp-json\/wp\/v2\/posts"}],"about":[{"href":"https:\/\/hostnetart.com.br\/baixada\/wp-json\/wp\/v2\/types\/post"}],"author":[{"embeddable":true,"href":"https:\/\/hostnetart.com.br\/baixada\/wp-json\/wp\/v2\/users\/2"}],"replies":[{"embeddable":true,"href":"https:\/\/hostnetart.com.br\/baixada\/wp-json\/wp\/v2\/comments?post=12701"}],"version-history":[{"count":0,"href":"https:\/\/hostnetart.com.br\/baixada\/wp-json\/wp\/v2\/posts\/12701\/revisions"}],"wp:featuredmedia":[{"embeddable":true,"href":"https:\/\/hostnetart.com.br\/baixada\/wp-json\/wp\/v2\/media\/12700"}],"wp:attachment":[{"href":"https:\/\/hostnetart.com.br\/baixada\/wp-json\/wp\/v2\/media?parent=12701"}],"wp:term":[{"taxonomy":"category","embeddable":true,"href":"https:\/\/hostnetart.com.br\/baixada\/wp-json\/wp\/v2\/categories?post=12701"},{"taxonomy":"post_tag","embeddable":true,"href":"https:\/\/hostnetart.com.br\/baixada\/wp-json\/wp\/v2\/tags?post=12701"}],"curies":[{"name":"wp","href":"https:\/\/api.w.org\/{rel}","templated":true}]}}