{"id":12699,"date":"2022-06-22T18:29:46","date_gmt":"2022-06-22T21:29:46","guid":{"rendered":"https:\/\/hostnetart.com.br\/baixada\/campanhas-salariais-reajustes-perdem-da-inflacao-em-45-dos-acordos-do-ano\/"},"modified":"2022-06-22T18:29:46","modified_gmt":"2022-06-22T21:29:46","slug":"campanhas-salariais-reajustes-perdem-da-inflacao-em-45-dos-acordos-do-ano","status":"publish","type":"post","link":"https:\/\/hostnetart.com.br\/baixada\/campanhas-salariais-reajustes-perdem-da-inflacao-em-45-dos-acordos-do-ano\/","title":{"rendered":"Campanhas salariais: reajustes perdem da infla\u00e7\u00e3o em 45% dos acordos do ano"},"content":{"rendered":"<p>A infla\u00e7\u00e3o\u00a0<a href=\"https:\/\/www.redebrasilatual.com.br\/economia\/2022\/06\/inflacao-sobe-menos-ipca-1173\/\" target=\"_blank\" rel=\"noopener noreferrer\">elevada<\/a>\u00a0continua a atingir as campanhas salariais e os reajustes, conforme novo balan\u00e7o divulgado pelo\u00a0<a href=\"https:\/\/www.dieese.org.br\/boletimnegociacao\/2022\/boletimnegociacao21.html\" target=\"_blank\" rel=\"noopener noreferrer\">Dieese<\/a>. Agora, de janeiro a maio, a propor\u00e7\u00e3o de reajustes menores do que o INPC-IBGE subiu quatro pontos e atingiu 44,7% do total. Outros 32,9% dos acordos equivaleram \u00e0 varia\u00e7\u00e3o do INPC, \u00edndice usado como refer\u00eancia nas negocia\u00e7\u00f5es trabalhistas. E apenas 22,4% tiveram ganho real. Assim, a varia\u00e7\u00e3o m\u00e9dia dos reajustes \u00e9 de -0,78%.<\/p>\n<p>Entre os setores, a ind\u00fastria est\u00e1 um pouco acima da m\u00e9dia e tem 27% de acordos com reajuste superior \u00e0 varia\u00e7\u00e3o acumulada do INPC. Os servi\u00e7os aparecem com 22,1% e o com\u00e9rcio, com 15,8%. A \u00e1rea de servi\u00e7os tem a maior propor\u00e7\u00e3o de aumentos abaixo da infla\u00e7\u00e3o: 51,6%.<\/p>\n<p>Apenas as campanhas com data-base em maio mostram resultado ainda pior: 54,5% dos reajustes perdem para a infla\u00e7\u00e3o medida pelo INPC. S\u00e3o 32,1% de acordos com \u00edndice equivalente e s\u00f3 13,4% abaixo. O reajuste m\u00e9dio foi de -1,28%, o pior desde agosto de 2021 (-1,48%).<\/p>\n<h4><strong>Confira tamb\u00e9m entrevistas de soci\u00f3logo Iris Ribeiro, do Diesse<\/strong><\/h4>\n<h4>\u00a0<\/h4>\n<h3>Abonos e benef\u00edcios<\/h3>\n<p>\u201cOs dados mostram ainda que, para completar os reajustes, v\u00e1rias categorias t\u00eam buscado aumento de benef\u00edcios, como aux\u00edlio alimenta\u00e7\u00e3o, ou o pagamento de abonos. Come\u00e7am a ser vistas tamb\u00e9m cl\u00e1usulas de antecipa\u00e7\u00e3o dos reajustes, devido \u00e0 alta infla\u00e7\u00e3o\u201d, aponta o Dieese.<\/p>\n<p>Desde setembro, a infla\u00e7\u00e3o supera os dois d\u00edgitos. No m\u00eas passado, por exemplo, o reajuste necess\u00e1rio apenas para recomposi\u00e7\u00e3o salarial foi de 12,47%. Agora, o INPC em 12 meses est\u00e1 acumulado em 11,90%.<\/p>\n<p><strong>Fonte: Rede Brasil Atual<\/strong><\/p>\n","protected":false},"excerpt":{"rendered":"<p>A infla\u00e7\u00e3o\u00a0elevada\u00a0continua a atingir as campanhas salariais e os reajustes, conforme novo balan\u00e7o divulgado pelo\u00a0Dieese. Agora, de janeiro a maio, a propor\u00e7\u00e3o de reajustes menores do que o INPC-IBGE subiu quatro pontos e atingiu 44,7% do total. Outros 32,9% dos acordos equivaleram \u00e0 varia\u00e7\u00e3o do INPC, \u00edndice usado como refer\u00eancia nas negocia\u00e7\u00f5es trabalhistas. E apenas [&hellip;]<\/p>\n","protected":false},"author":2,"featured_media":12698,"comment_status":"","ping_status":"","sticky":false,"template":"","format":"standard","meta":{"footnotes":""},"categories":[3],"tags":[],"class_list":["post-12699","post","type-post","status-publish","format-standard","has-post-thumbnail","hentry","category-noticias"],"_links":{"self":[{"href":"https:\/\/hostnetart.com.br\/baixada\/wp-json\/wp\/v2\/posts\/12699","targetHints":{"allow":["GET"]}}],"collection":[{"href":"https:\/\/hostnetart.com.br\/baixada\/wp-json\/wp\/v2\/posts"}],"about":[{"href":"https:\/\/hostnetart.com.br\/baixada\/wp-json\/wp\/v2\/types\/post"}],"author":[{"embeddable":true,"href":"https:\/\/hostnetart.com.br\/baixada\/wp-json\/wp\/v2\/users\/2"}],"replies":[{"embeddable":true,"href":"https:\/\/hostnetart.com.br\/baixada\/wp-json\/wp\/v2\/comments?post=12699"}],"version-history":[{"count":0,"href":"https:\/\/hostnetart.com.br\/baixada\/wp-json\/wp\/v2\/posts\/12699\/revisions"}],"wp:featuredmedia":[{"embeddable":true,"href":"https:\/\/hostnetart.com.br\/baixada\/wp-json\/wp\/v2\/media\/12698"}],"wp:attachment":[{"href":"https:\/\/hostnetart.com.br\/baixada\/wp-json\/wp\/v2\/media?parent=12699"}],"wp:term":[{"taxonomy":"category","embeddable":true,"href":"https:\/\/hostnetart.com.br\/baixada\/wp-json\/wp\/v2\/categories?post=12699"},{"taxonomy":"post_tag","embeddable":true,"href":"https:\/\/hostnetart.com.br\/baixada\/wp-json\/wp\/v2\/tags?post=12699"}],"curies":[{"name":"wp","href":"https:\/\/api.w.org\/{rel}","templated":true}]}}