{"id":12693,"date":"2022-06-21T22:46:14","date_gmt":"2022-06-22T01:46:14","guid":{"rendered":"https:\/\/hostnetart.com.br\/baixada\/negociacoes-com-os-bancos-comecam-nesta-quarta-feira-22\/"},"modified":"2022-06-21T22:46:14","modified_gmt":"2022-06-22T01:46:14","slug":"negociacoes-com-os-bancos-comecam-nesta-quarta-feira-22","status":"publish","type":"post","link":"https:\/\/hostnetart.com.br\/baixada\/negociacoes-com-os-bancos-comecam-nesta-quarta-feira-22\/","title":{"rendered":"Negocia\u00e7\u00f5es com os bancos come\u00e7am nesta quarta-feira (22)"},"content":{"rendered":"<p>Ap\u00f3s a\u00a0<a href=\"https:\/\/contrafcut.com.br\/noticias\/reivindicacoes-dos-bancarios-foram-entregues-aos-bancos\/\" target=\"_blank\" rel=\"noopener noreferrer\">entrega da minuta de reivindica\u00e7\u00f5es<\/a>\u00a0da categoria, ocorrida no dia 15 de junho, as reuni\u00f5es de negocia\u00e7\u00f5es da Campanha Nacional dos Banc\u00e1rios 2022 come\u00e7am nesta quarta-feira (22).<\/p>\n<p>A pauta de reivindica\u00e7\u00f5es foi definida na 24\u00aa Confer\u00eancia Nacional dos Banc\u00e1rios, ocorrida entre os dias 10 e 12 de junho, e aprovada em assembleias realizadas por sindicatos de todo o pa\u00eds nos dias 13 e 14 de junho. Entre as principais reivindica\u00e7\u00f5es est\u00e3o o aumento real de 5% (INPC +5%); aumento maior para os vales refei\u00e7\u00e3o e alimenta\u00e7\u00e3o; e quest\u00f5es relacionadas \u00e0 sa\u00fade, como, por exemplo, o acompanhamento dos banc\u00e1rios com sequelas da covid-19.<\/p>\n<p>\u201cQueremos renovar nossa Conven\u00e7\u00e3o Coletiva de Trabalho que garante direitos \u00e0 categoria j\u00e1 faz 30 anos\u201d, disse a presidenta da Confedera\u00e7\u00e3o Nacional dos Trabalhadores do Ramo Financeiro (Contraf-CUT) e coordenadora do Comando Nacional dos Banc\u00e1rios, Juvandia Moreira, ao lembrar que a primeira CCT nacional da categoria \u00e9 de 1992.<\/p>\n<p>Mas, al\u00e9m de manter os direitos j\u00e1 presentes na conven\u00e7\u00e3o, os trabalhadores querem novas conquistas. \u201cEntre as principais reivindica\u00e7\u00f5es est\u00e1 o aumento real, mas tamb\u00e9m um vale refei\u00e7\u00e3o e alimenta\u00e7\u00e3o que d\u00ea para passar o m\u00eas, pois o que a gente tem hoje n\u00e3o est\u00e1 dando. A gente tamb\u00e9m quer discutir a sa\u00fade e condi\u00e7\u00f5es de trabalho para os banc\u00e1rios, que sofrem com esse problema da press\u00e3o das metas nas ag\u00eancias banc\u00e1rias\u201d, completou.<\/p>\n<p>Como a data-base da categoria \u00e9 1\u00ba de setembro e a reforma trabalhista acabou com a ultratividade (manuten\u00e7\u00e3o dos direitos da atual Conven\u00e7\u00e3o Coletiva de Trabalho at\u00e9 a assinatura do novo acordo), o movimento sindical alerta para que a categoria se mantenha mobilizada.<\/p>\n<h3><strong>Carestia<\/strong><\/h3>\n<p>\u201cQuando a gente olha a infla\u00e7\u00e3o, quando a gente olha o valor da cesta b\u00e1sica, a gente v\u00ea o quanto ela aumentou entre janeiro de 2020 at\u00e9 agora. O que a gente ganha, com um sal\u00e1rio m\u00ednimo n\u00e3o \u00e9 suficiente. E, al\u00e9m da cesta b\u00e1sica, a gente tem que dormir, se locomover, enfim, tem outros gastos de extrema necessidade\u201d, disse a presidenta da Contraf-CUT ao elencar algumas das reclama\u00e7\u00f5es dos banc\u00e1rios. \u201cTem muita gente morando na rua. S\u00e3o 33 milh\u00f5es de pessoas passando fome no Brasil. N\u00e3o t\u00eam o que comer. Essa \u00e9 a triste marca que o Brasil chegou, \u00e9 o retrato do nosso pa\u00eds hoje, e isso precisa mudar!\u201d, completou.<\/p>\n<h3><strong>Principais reivindica\u00e7\u00f5es<\/strong><\/h3>\n<p>Na pauta definida pela categoria destacam-se a reposi\u00e7\u00e3o salarial e nas demais verbas com base na infla\u00e7\u00e3o do per\u00edodo entre 1\u00ba de setembro de 2021 e 31 de agosto de 2022 (INPC) mais 5% de aumento real. Veja outras reivindica\u00e7\u00f5es:<\/p>\n<ul>\n<li>Aumento maior para o VR e VA;<\/li>\n<li>Garantia dos empregos<\/li>\n<li>Manuten\u00e7\u00e3o da regra da PLR, atualizada pelo \u00edndice de reajuste;<\/li>\n<li>Fim das metas abusivas;<\/li>\n<li>Combate ao ass\u00e9dio moral;<\/li>\n<li>Acompanhamento e tratamento de banc\u00e1rios com sequelas da Covid-19.<\/li>\n<\/ul>\n<h3><strong>Calend\u00e1rio de negocia\u00e7\u00f5es<\/strong><\/h3>\n<p><strong>Junho:<br \/><\/strong>22 e 27\/6<\/p>\n<p><strong>Julho:<br \/><\/strong>6, 22 e 28\/7<\/p>\n<p><strong>Agosto:<br \/><\/strong>1, 3, 8, 11, 15, 18, 19, 20, 22, 23 e 24\/8<\/p>\n<p><strong>Fonte: Contraf-CUT<\/strong><\/p>\n","protected":false},"excerpt":{"rendered":"<p>Ap\u00f3s a\u00a0entrega da minuta de reivindica\u00e7\u00f5es\u00a0da categoria, ocorrida no dia 15 de junho, as reuni\u00f5es de negocia\u00e7\u00f5es da Campanha Nacional dos Banc\u00e1rios 2022 come\u00e7am nesta quarta-feira (22). A pauta de reivindica\u00e7\u00f5es foi definida na 24\u00aa Confer\u00eancia Nacional dos Banc\u00e1rios, ocorrida entre os dias 10 e 12 de junho, e aprovada em assembleias realizadas por sindicatos [&hellip;]<\/p>\n","protected":false},"author":2,"featured_media":12692,"comment_status":"","ping_status":"","sticky":false,"template":"","format":"standard","meta":{"footnotes":""},"categories":[3],"tags":[],"class_list":["post-12693","post","type-post","status-publish","format-standard","has-post-thumbnail","hentry","category-noticias"],"_links":{"self":[{"href":"https:\/\/hostnetart.com.br\/baixada\/wp-json\/wp\/v2\/posts\/12693","targetHints":{"allow":["GET"]}}],"collection":[{"href":"https:\/\/hostnetart.com.br\/baixada\/wp-json\/wp\/v2\/posts"}],"about":[{"href":"https:\/\/hostnetart.com.br\/baixada\/wp-json\/wp\/v2\/types\/post"}],"author":[{"embeddable":true,"href":"https:\/\/hostnetart.com.br\/baixada\/wp-json\/wp\/v2\/users\/2"}],"replies":[{"embeddable":true,"href":"https:\/\/hostnetart.com.br\/baixada\/wp-json\/wp\/v2\/comments?post=12693"}],"version-history":[{"count":0,"href":"https:\/\/hostnetart.com.br\/baixada\/wp-json\/wp\/v2\/posts\/12693\/revisions"}],"wp:featuredmedia":[{"embeddable":true,"href":"https:\/\/hostnetart.com.br\/baixada\/wp-json\/wp\/v2\/media\/12692"}],"wp:attachment":[{"href":"https:\/\/hostnetart.com.br\/baixada\/wp-json\/wp\/v2\/media?parent=12693"}],"wp:term":[{"taxonomy":"category","embeddable":true,"href":"https:\/\/hostnetart.com.br\/baixada\/wp-json\/wp\/v2\/categories?post=12693"},{"taxonomy":"post_tag","embeddable":true,"href":"https:\/\/hostnetart.com.br\/baixada\/wp-json\/wp\/v2\/tags?post=12693"}],"curies":[{"name":"wp","href":"https:\/\/api.w.org\/{rel}","templated":true}]}}