{"id":12691,"date":"2022-06-21T17:16:06","date_gmt":"2022-06-21T20:16:06","guid":{"rendered":"https:\/\/hostnetart.com.br\/baixada\/bancarios-do-itau-entregam-pauta-de-reivindicacoes-nesta-quinta\/"},"modified":"2022-06-21T17:16:06","modified_gmt":"2022-06-21T20:16:06","slug":"bancarios-do-itau-entregam-pauta-de-reivindicacoes-nesta-quinta","status":"publish","type":"post","link":"https:\/\/hostnetart.com.br\/baixada\/bancarios-do-itau-entregam-pauta-de-reivindicacoes-nesta-quinta\/","title":{"rendered":"Banc\u00e1rios do Ita\u00fa entregam pauta de reivindica\u00e7\u00f5es nesta quinta"},"content":{"rendered":"<p>Os trabalhadores do Banco Ita\u00fa v\u00e3o entregar, nesta quinta-feira, 23 de junho, a pauta espec\u00edfica de reivindica\u00e7\u00f5es, na sede do banco, em S\u00e3o Paulo. O documento \u00e9 resultado do Encontro Nacional dos Funcion\u00e1rios do Ita\u00fa, no dia 9 de junho.<\/p>\n<p>\u201cA pauta aprovada dialoga com os anseios dos trabalhadores, gra\u00e7as a todos os debates feitos nacionalmente para a sua constru\u00e7\u00e3o\u201d, disse o coordenador da Comiss\u00e3o de Organiza\u00e7\u00e3o dos Empregados (COE) do Ita\u00fa, Jair Alves.<\/p>\n<p>Emprego, remunera\u00e7\u00e3o, sa\u00fade, previd\u00eancia complementar, diversidade, seguran\u00e7a banc\u00e1ria, condi\u00e7\u00f5es de trabalho e teletrabalho s\u00e3o os principais pontos do documento. \u201cTodos esses temas s\u00e3o muito importantes e podem contribuir para solu\u00e7\u00e3o de quest\u00f5es que afetam o dia a dia de trabalho nas ag\u00eancias e departamentos do banco\u201d, completou o coordenador da COE.<\/p>\n<p>Os funcion\u00e1rios do Ita\u00fa t\u00eam tamb\u00e9m negocia\u00e7\u00f5es para a renova\u00e7\u00e3o de outros acordos espec\u00edficos, como o de teletrabalho, de ponto eletr\u00f4nico, de quita\u00e7\u00e3o do banco de horas negativos e do programa de remunera\u00e7\u00e3o para 2023 e 2024.<\/p>\n<p><strong>Fonte: Contraf-CUT<\/strong><\/p>\n","protected":false},"excerpt":{"rendered":"<p>Os trabalhadores do Banco Ita\u00fa v\u00e3o entregar, nesta quinta-feira, 23 de junho, a pauta espec\u00edfica de reivindica\u00e7\u00f5es, na sede do banco, em S\u00e3o Paulo. O documento \u00e9 resultado do Encontro Nacional dos Funcion\u00e1rios do Ita\u00fa, no dia 9 de junho. \u201cA pauta aprovada dialoga com os anseios dos trabalhadores, gra\u00e7as a todos os debates feitos [&hellip;]<\/p>\n","protected":false},"author":2,"featured_media":12690,"comment_status":"","ping_status":"","sticky":false,"template":"","format":"standard","meta":{"footnotes":""},"categories":[3],"tags":[],"class_list":["post-12691","post","type-post","status-publish","format-standard","has-post-thumbnail","hentry","category-noticias"],"_links":{"self":[{"href":"https:\/\/hostnetart.com.br\/baixada\/wp-json\/wp\/v2\/posts\/12691","targetHints":{"allow":["GET"]}}],"collection":[{"href":"https:\/\/hostnetart.com.br\/baixada\/wp-json\/wp\/v2\/posts"}],"about":[{"href":"https:\/\/hostnetart.com.br\/baixada\/wp-json\/wp\/v2\/types\/post"}],"author":[{"embeddable":true,"href":"https:\/\/hostnetart.com.br\/baixada\/wp-json\/wp\/v2\/users\/2"}],"replies":[{"embeddable":true,"href":"https:\/\/hostnetart.com.br\/baixada\/wp-json\/wp\/v2\/comments?post=12691"}],"version-history":[{"count":0,"href":"https:\/\/hostnetart.com.br\/baixada\/wp-json\/wp\/v2\/posts\/12691\/revisions"}],"wp:featuredmedia":[{"embeddable":true,"href":"https:\/\/hostnetart.com.br\/baixada\/wp-json\/wp\/v2\/media\/12690"}],"wp:attachment":[{"href":"https:\/\/hostnetart.com.br\/baixada\/wp-json\/wp\/v2\/media?parent=12691"}],"wp:term":[{"taxonomy":"category","embeddable":true,"href":"https:\/\/hostnetart.com.br\/baixada\/wp-json\/wp\/v2\/categories?post=12691"},{"taxonomy":"post_tag","embeddable":true,"href":"https:\/\/hostnetart.com.br\/baixada\/wp-json\/wp\/v2\/tags?post=12691"}],"curies":[{"name":"wp","href":"https:\/\/api.w.org\/{rel}","templated":true}]}}