{"id":1269,"date":"2013-07-30T00:00:00","date_gmt":"2013-07-30T03:00:00","guid":{"rendered":"https:\/\/hostnetart.com.br\/baixada\/campanha-nacional-dos-bancarios-2013\/"},"modified":"2013-07-30T00:00:00","modified_gmt":"2013-07-30T03:00:00","slug":"campanha-nacional-dos-bancarios-2013","status":"publish","type":"post","link":"https:\/\/hostnetart.com.br\/baixada\/campanha-nacional-dos-bancarios-2013\/","title":{"rendered":"CAMPANHA NACIONAL DOS BANC\u00c1RIOS 2013"},"content":{"rendered":"<p><strong>Comando entrega reivindica\u00e7\u00f5es \u00e0 Fenaban e inicia negocia\u00e7\u00f5es dia 8<\/strong><\/p>\n<p>\u00a0<\/p>\n<p>O Comando Nacional dos Banc\u00e1rios, coordenado pela Contraf-CUT, entregou nesta ter\u00e7a-feira 30 \u00e0 Fenaban, em S\u00e3o Paulo, a pauta de reivindica\u00e7\u00f5es da Campanha 2013, \u00a0aprovada pela 15\u00aa Confer\u00eancia Nacional dos Banc\u00e1rios realizada de 19 a 21 de julho. A \u00a0primeira rodada de negocia\u00e7\u00f5es j\u00e1 est\u00e1 marcada para o dia 8 de agosto, sobre o bloco condi\u00e7\u00f5es de trabalho, que envolve sa\u00fade do trabalhador, metas abusivas, ass\u00e9dio moral e seguran\u00e7a banc\u00e1ria.<\/p>\n<p>\u00a0<\/p>\n<p>Na sequ\u00eancia da reuni\u00e3o com a Fenaban, o Comando Nacional tamb\u00e9m entregou nesta ter\u00e7a-feira as pautas de reivindica\u00e7\u00f5es espec\u00edficas \u00e0s dire\u00e7\u00f5es do Banco do Brasil e da Caixa Econ\u00f4mica Federal. A primeira rodada de negocia\u00e7\u00f5es com o BB foi marcada para 14 de agosto, \u00e0s 13h, em Bras\u00edlia, tamb\u00e9m sobre o tema sa\u00fade e condi\u00e7\u00f5es de trabalho. Com a Caixa, o calend\u00e1rio de negocia\u00e7\u00f5es ser\u00e1 definido nos pr\u00f3ximos dias.<\/p>\n<p>\u00a0<\/p>\n<p>A Campanha Nacional dos Banc\u00e1rios deste ano tem como eixos centrais reajuste de 11,93% (infla\u00e7\u00e3o projetada do per\u00edodo mais aumento real de 5%), eleva\u00e7\u00e3o do piso salarial ao valor do sal\u00e1rio m\u00ednimo calculado pelo Dieese (R$ 2.860,21), defesa do emprego, fim da terceiriza\u00e7\u00e3o e combate \u00e0s metas abusivas e ao ass\u00e9dio moral.<\/p>\n<p>\u00a0<\/p>\n<p>Veja aqui as principais reivindica\u00e7\u00f5es.<\/p>\n<p>\u00a0<\/p>\n<p>\u2018Sociedade est\u00e1 indignada com injusti\u00e7as\u2019<\/p>\n<p>\u00a0<\/p>\n<p>\u201cA campanha nacional deste ano ocorre em um momento importante e rico de significados, em que a sociedade vem manifestando sua indigna\u00e7\u00e3o com toda forma de injusti\u00e7a, est\u00e1 indo \u00e0s ruas e obtendo importantes conquistas\u201d, disse na abertura da reuni\u00e3o o presidente da Contraf-CUT e coordenador do Comando Nacional, Carlos Cordeiro. A mesa da Fenaban foi coordenada pelo presidente Murilo Portugal.<\/p>\n<p>\u00a0<\/p>\n<p>\u201cA conjuntura tamb\u00e9m \u00e9 favor\u00e1vel para a campanha dos banc\u00e1rios por conta dos balan\u00e7os dos bancos, mostrando que a situa\u00e7\u00e3o do sistema financeiro \u00e9 muito s\u00f3lida. Os resultados s\u00e3o invej\u00e1veis, com aumento dos lucros e rentabilidade na casa dos 18%, acima dos outros setores da economia e do sistema financeiro internacional\u201d, acrescentou Carlos Cordeiro.<\/p>\n<p>\u00a0<\/p>\n<p>\u201cOs bancos precisam dar a sua contribui\u00e7\u00e3o para transformar o Brasil num pa\u00eds menos injusto. \u00c9, portanto, um momento favor\u00e1vel para que ousemos e avancemos nas conquistas dos banc\u00e1rios, com o fim das demiss\u00f5es e da rotatividade, mais contrata\u00e7\u00f5es, aumento real de sal\u00e1rio e valoriza\u00e7\u00e3o do piso e da PLR, melhores condi\u00e7\u00f5es de trabalho\u00a0e combate ao ass\u00e9dio moral e \u00e0s metas abusivas\u201d, reivindicou o presidente da ContrafCUT.<\/p>\n<p>\u00a0<\/p>\n<p>Ele avisou ainda a Fenaban que os banc\u00e1rios est\u00e3o mobilizados por outros temas da conjuntura nacional, que n\u00e3o tem rela\u00e7\u00e3o direta com a campanha nacional mas sim com o futuro da categoria, como o combate ao PL 4330, que legaliza a terceiriza\u00e7\u00e3o e aumenta a precariza\u00e7\u00e3o do trabalho no Brasil.<\/p>\n<p>\u00a0<\/p>\n<p>A presidenta do Sindicato dos Banc\u00e1rios de S\u00e3o Paulo, Juvandia Moreira, disse esperar \u201cque haja uma boa din\u00e2mica das negocia\u00e7\u00f5es e que o processo negocial seja r\u00e1pido, positivo e traga bons resultados aos banc\u00e1rios\u201d.<\/p>\n<p>\u00a0<\/p>\n<p>Negocia\u00e7\u00e3o come\u00e7a dia 8 de agosto.\u00a0Por sugest\u00e3o da Contraf-CUT, a primeira rodada de negocia\u00e7\u00e3o, no dia 8 de agosto, ser\u00e1 sobre condi\u00e7\u00f5es de trabalho. Por julgar que um dia \u00e9 pouco, a Confedera\u00e7\u00e3o prop\u00f4s que as negocia\u00e7\u00f5es sobre o tema continuem no dia 9. O coordenador da mesa da Fenaban disse que vai consultar os bancos e dar\u00e1 retorno.<\/p>\n<p>\u00a0<\/p>\n<p>O calend\u00e1rio geral das negocia\u00e7\u00f5es ser\u00e1 acertado na reuni\u00e3o do dia 8.<\/p>\n<p>\u00a0<\/p>\n<p>Banco do Brasil e Caixa<\/p>\n<p>\u00a0<\/p>\n<p>\u00a0<\/p>\n<p>Ap\u00f3s a reuni\u00e3o com a dire\u00e7\u00e3o da Fenaban, o Comando Nacional entregou separadamente as pautas de reivindica\u00e7\u00f5es dos funcion\u00e1rios do BB e dos empregados da Caixa aos representantes dos dois bancos p\u00fablicos federais.<\/p>\n<p>\u00a0<\/p>\n<p>A primeira rodada de negocia\u00e7\u00f5es com o BB foi marcada para 14 de agosto, come\u00e7ando pelo tema sa\u00fade e condi\u00e7\u00f5es de trabalho. A reuni\u00e3o come\u00e7a \u00e0s 13h, em Bras\u00edlia.<\/p>\n<p>\u00a0<\/p>\n<p>A pauta espec\u00edfica do BB foi aprovada pelo 24\u00ba Congresso Nacional dos Funcion\u00e1rios do Banco do Brasil, realizado de 17 a 19 de maio, e est\u00e1 centrada no combate ao plano de fun\u00e7\u00f5es comissionadas, ao ass\u00e9dio moral, \u00e0s pr\u00e1ticas antissindicais e \u00e0s p\u00e9ssimas condi\u00e7\u00f5es de trabalho.<\/p>\n<p>\u00a0<\/p>\n<p>Veja aqui as principais reivindica\u00e7\u00f5es espec\u00edficas do funcionalismo do BB.<\/p>\n<p>\u00a0<\/p>\n<p>\u00a0<\/p>\n<p>J\u00e1 a pauta espec\u00edfica da Caixa foi aprovada pelo 29\u00ba Congresso Nacional dos Empregados (Conecef), tamb\u00e9m realizado de 17 a 19 de maio, e tem como eixos principais sa\u00fade do trabalhador, condi\u00e7\u00f5es de trabalho e Sa\u00fade Caixa, seguran\u00e7a banc\u00e1ria, carreira e condi\u00e7\u00f5es de funcionamento das ag\u00eancias, papel social da Caixa, contrata\u00e7\u00e3o, isonomia, Sipon e jornada de trabalho, e quest\u00f5es que tratam da Funcef e aposentados.<\/p>\n<p>\u00a0<\/p>\n<p>O calend\u00e1rio de negocia\u00e7\u00f5es da pauta espec\u00edfica da Caixa ser\u00e1 definido nos pr\u00f3ximos dias.<\/p>\n<p>\u00a0<\/p>\n<p>Conhe\u00e7a aqui a pauta espec\u00edfica de reivindica\u00e7\u00f5es dos empregados da Caixa.<br \/>Fonte: Contraf-CUT<\/p>\n","protected":false},"excerpt":{"rendered":"<p>Comando entrega reivindica\u00e7\u00f5es \u00e0 Fenaban e inicia negocia\u00e7\u00f5es dia 8 \u00a0 O Comando Nacional dos Banc\u00e1rios, coordenado pela Contraf-CUT, entregou nesta ter\u00e7a-feira 30 \u00e0 Fenaban, em S\u00e3o Paulo, a pauta de reivindica\u00e7\u00f5es da Campanha 2013, \u00a0aprovada pela 15\u00aa Confer\u00eancia Nacional dos Banc\u00e1rios realizada de 19 a 21 de julho. A \u00a0primeira rodada de negocia\u00e7\u00f5es j\u00e1 [&hellip;]<\/p>\n","protected":false},"author":1,"featured_media":1268,"comment_status":"","ping_status":"","sticky":false,"template":"","format":"standard","meta":{"footnotes":""},"categories":[3],"tags":[],"class_list":["post-1269","post","type-post","status-publish","format-standard","has-post-thumbnail","hentry","category-noticias"],"_links":{"self":[{"href":"https:\/\/hostnetart.com.br\/baixada\/wp-json\/wp\/v2\/posts\/1269","targetHints":{"allow":["GET"]}}],"collection":[{"href":"https:\/\/hostnetart.com.br\/baixada\/wp-json\/wp\/v2\/posts"}],"about":[{"href":"https:\/\/hostnetart.com.br\/baixada\/wp-json\/wp\/v2\/types\/post"}],"author":[{"embeddable":true,"href":"https:\/\/hostnetart.com.br\/baixada\/wp-json\/wp\/v2\/users\/1"}],"replies":[{"embeddable":true,"href":"https:\/\/hostnetart.com.br\/baixada\/wp-json\/wp\/v2\/comments?post=1269"}],"version-history":[{"count":0,"href":"https:\/\/hostnetart.com.br\/baixada\/wp-json\/wp\/v2\/posts\/1269\/revisions"}],"wp:featuredmedia":[{"embeddable":true,"href":"https:\/\/hostnetart.com.br\/baixada\/wp-json\/wp\/v2\/media\/1268"}],"wp:attachment":[{"href":"https:\/\/hostnetart.com.br\/baixada\/wp-json\/wp\/v2\/media?parent=1269"}],"wp:term":[{"taxonomy":"category","embeddable":true,"href":"https:\/\/hostnetart.com.br\/baixada\/wp-json\/wp\/v2\/categories?post=1269"},{"taxonomy":"post_tag","embeddable":true,"href":"https:\/\/hostnetart.com.br\/baixada\/wp-json\/wp\/v2\/tags?post=1269"}],"curies":[{"name":"wp","href":"https:\/\/api.w.org\/{rel}","templated":true}]}}