{"id":12689,"date":"2022-06-21T16:54:29","date_gmt":"2022-06-21T19:54:29","guid":{"rendered":"https:\/\/hostnetart.com.br\/baixada\/mercantil-do-brasil-encerra-atividades-no-estado-do-rio-de-janeiro\/"},"modified":"2022-06-21T16:54:29","modified_gmt":"2022-06-21T19:54:29","slug":"mercantil-do-brasil-encerra-atividades-no-estado-do-rio-de-janeiro","status":"publish","type":"post","link":"https:\/\/hostnetart.com.br\/baixada\/mercantil-do-brasil-encerra-atividades-no-estado-do-rio-de-janeiro\/","title":{"rendered":"Mercantil do Brasil encerra atividades no Estado do Rio de Janeiro"},"content":{"rendered":"<p>Funcion\u00e1rios e clientes do Banco Mercantil do Brasil foram surpreendidos pela falta de compromisso e pela irresponsabilidade do banco, que anunciou, na manh\u00e3 da \u00faltima segunda-feira (20), o encerramento das atividades no Rio de Janeiro, depois de mais de 50 anos de atua\u00e7\u00e3o no estado.<\/p>\n<p>O Sindicato dos Banc\u00e1rios da Baixada Fluminense se solidariza com os trabalhadores demitidos, e informa que est\u00e1 \u00e0 disposi\u00e7\u00e3o das banc\u00e1rias e banc\u00e1rios que s\u00e3o de sua base e \u00e1rea de atua\u00e7\u00e3o.\u00a0<\/p>\n<p>Al\u00e9m de deixar milhares de clientes frustrados e sem atendimento banc\u00e1rio, o Mercantil ainda demitiu dezenas de funcion\u00e1rios, muitos deles com problemas de sa\u00fade e estabilidade provis\u00f3ria de emprego, contrariando diversos direitos trabalhistas.<\/p>\n<p>O coordenador Comiss\u00e3o de Organiza\u00e7\u00e3o dos Empregados (COE) do Mercantil do Brasil, Marco Aur\u00e9lio Alves, disse que, \u201cpara confundir e desinformar a popula\u00e7\u00e3o, o banco anunciou que haveria apenas a mudan\u00e7a de endere\u00e7o da filial Rio de Janeiro, mas sem nenhuma considera\u00e7\u00e3o com os usu\u00e1rios e trabalhadores, mudou os planos e simplesmente encerrou as atividades no estado\u201d.<\/p>\n<p>Para Marco Aur\u00e9lio Alves, o Mercantil, mais uma vez, usou sua trucul\u00eancia e demonstrou sua gan\u00e2ncia por lucros cada vez mais exorbitantes. \u201cPoder\u00edamos ter negociado outras medidas para evitar esses cortes dr\u00e1sticos nas ag\u00eancias, porque o maior direito do trabalhador \u00e9 o direito ao emprego\u201d, afirmou.<\/p>\n<p>A COE Mercantil tentou contato com o departamento de Recursos Humanos do banco para o cancelamento das demiss\u00f5es irregulares e o remanejamento de todos os trabalhadores para unidades fora do estado do Rio de Janeiro, mas ainda n\u00e3o obteve resposta.<\/p>\n<p><em><b>*Com informa\u00e7\u00f5es do Sindicato dos Banc\u00e1rios de Belo Horizonte e da Contraf-CUT<\/b><\/em><\/p>\n","protected":false},"excerpt":{"rendered":"<p>Funcion\u00e1rios e clientes do Banco Mercantil do Brasil foram surpreendidos pela falta de compromisso e pela irresponsabilidade do banco, que anunciou, na manh\u00e3 da \u00faltima segunda-feira (20), o encerramento das atividades no Rio de Janeiro, depois de mais de 50 anos de atua\u00e7\u00e3o no estado. O Sindicato dos Banc\u00e1rios da Baixada Fluminense se solidariza com [&hellip;]<\/p>\n","protected":false},"author":2,"featured_media":12688,"comment_status":"","ping_status":"","sticky":false,"template":"","format":"standard","meta":{"footnotes":""},"categories":[3],"tags":[],"class_list":["post-12689","post","type-post","status-publish","format-standard","has-post-thumbnail","hentry","category-noticias"],"_links":{"self":[{"href":"https:\/\/hostnetart.com.br\/baixada\/wp-json\/wp\/v2\/posts\/12689","targetHints":{"allow":["GET"]}}],"collection":[{"href":"https:\/\/hostnetart.com.br\/baixada\/wp-json\/wp\/v2\/posts"}],"about":[{"href":"https:\/\/hostnetart.com.br\/baixada\/wp-json\/wp\/v2\/types\/post"}],"author":[{"embeddable":true,"href":"https:\/\/hostnetart.com.br\/baixada\/wp-json\/wp\/v2\/users\/2"}],"replies":[{"embeddable":true,"href":"https:\/\/hostnetart.com.br\/baixada\/wp-json\/wp\/v2\/comments?post=12689"}],"version-history":[{"count":0,"href":"https:\/\/hostnetart.com.br\/baixada\/wp-json\/wp\/v2\/posts\/12689\/revisions"}],"wp:featuredmedia":[{"embeddable":true,"href":"https:\/\/hostnetart.com.br\/baixada\/wp-json\/wp\/v2\/media\/12688"}],"wp:attachment":[{"href":"https:\/\/hostnetart.com.br\/baixada\/wp-json\/wp\/v2\/media?parent=12689"}],"wp:term":[{"taxonomy":"category","embeddable":true,"href":"https:\/\/hostnetart.com.br\/baixada\/wp-json\/wp\/v2\/categories?post=12689"},{"taxonomy":"post_tag","embeddable":true,"href":"https:\/\/hostnetart.com.br\/baixada\/wp-json\/wp\/v2\/tags?post=12689"}],"curies":[{"name":"wp","href":"https:\/\/api.w.org\/{rel}","templated":true}]}}