{"id":12681,"date":"2022-06-16T14:37:24","date_gmt":"2022-06-16T17:37:24","guid":{"rendered":"https:\/\/hostnetart.com.br\/baixada\/reivindicacoes-dos-bancarios-foram-entregues-aos-bancos\/"},"modified":"2022-06-16T14:37:24","modified_gmt":"2022-06-16T17:37:24","slug":"reivindicacoes-dos-bancarios-foram-entregues-aos-bancos","status":"publish","type":"post","link":"https:\/\/hostnetart.com.br\/baixada\/reivindicacoes-dos-bancarios-foram-entregues-aos-bancos\/","title":{"rendered":"Reivindica\u00e7\u00f5es dos banc\u00e1rios foram entregues aos bancos"},"content":{"rendered":"<p>Os banc\u00e1rios entregaram nesta quarta-feira (15) a minuta com as reivindica\u00e7\u00f5es da Campanha Nacional Unificada 2022 para a Federa\u00e7\u00e3o Nacional dos Bancos (Fenaban). A primeira rodada de negocia\u00e7\u00e3o com os bancos j\u00e1 vai acontecer na pr\u00f3xima quarta-feira (22). A data-base da categoria \u00e9 1\u00ba de setembro.<\/p>\n<p>A pauta de reivindica\u00e7\u00f5es foi definida no \u00faltimo final de semana na 24\u00aa Confer\u00eancia Nacional dos Banc\u00e1rios e aprovada em assembleias realizadas por sindicatos de todo o pa\u00eds nesta segunda e ter\u00e7a-feira (13 e 14\/6). Entre as principais reivindica\u00e7\u00f5es est\u00e3o o aumento real de 5% (INPC +5%); aumento maior para os vales refei\u00e7\u00e3o e alimenta\u00e7\u00e3o; e quest\u00f5es relacionadas \u00e0 sa\u00fade, como, por exemplo, o acompanhamento dos banc\u00e1rios com sequelas da covid-19.<\/p>\n<p>\u201cA pauta de reivindica\u00e7\u00f5es das banc\u00e1rias e banc\u00e1rios de todo Brasil foi aprovada na Confer\u00eancia e nas assembleias de base, que hoje est\u00e3o fazendo o lan\u00e7amento oficial da Campanha Nacional, que visa renovar nossa Conven\u00e7\u00e3o Coletiva de Trabalho, que neste ano completa 30 anos\u201d, lembrou a presidenta da Confedera\u00e7\u00e3o Nacional dos Trabalhadores do Ramo Financeiro (Contraf-CUT) e coordenadora do Comando nacional dos Banc\u00e1rios, Juvandia Moreira. \u201cEntre as principais reivindica\u00e7\u00f5es est\u00e1 o aumento real, mas tamb\u00e9m um vale refei\u00e7\u00e3o e alimenta\u00e7\u00e3o que d\u00ea para passar o m\u00eas, pois o que a gente tem hoje n\u00e3o est\u00e1 dando. A gente tamb\u00e9m quer discutir a sa\u00fade e condi\u00e7\u00f5es de trabalho para os banc\u00e1rios, que sofre com esse problema da press\u00e3o das metas nas ag\u00eancias banc\u00e1rias\u201d, completou.<\/p>\n<p>\u201cA Consulta Nacional aos banc\u00e1rios apontou a import\u00e2ncia do aumento real, reajuste do VA e VR, manuten\u00e7\u00e3o do emprego, fim das metas abusivas, cuidado e acompanhamento com a sa\u00fade do trabalhador, entre outros itens. A constru\u00e7\u00e3o dessa minuta envolveu de forma coletiva os trabalhadores, que iniciou com as consultas, as confer\u00eancias estaduais e nacional. E temos certeza de que a categoria est\u00e1 mobilizada e unida por melhores condi\u00e7\u00f5es de trabalho\u201d, disse presidenta do Sindicato dos Banc\u00e1rios de S\u00e3o Paulo e tamb\u00e9m coordenadora do Comando Nacional dos Banc\u00e1rios, Ivone Silva.<\/p>\n<h3><strong>Carestia<\/strong><\/h3>\n<p>A presidenta da Contraf-CUT observou que muitas das reclama\u00e7\u00f5es dos banc\u00e1rios s\u00e3o facilmente percept\u00edveis quando se analisa a escalada da infla\u00e7\u00e3o e da carestia de pre\u00e7os no pa\u00eds. \u201cQuando a gente olha a infla\u00e7\u00e3o, quando a gente olha o valor da cesta b\u00e1sica, a gente v\u00ea o quanto ela aumentou entre janeiro de 2020 at\u00e9 agora, abril de 2022. O que a gente ganha, com um sal\u00e1rio m\u00ednimo n\u00e3o \u00e9 suficiente. Todo o valor \u00e9 gasto na compra de uma cesta b\u00e1sica. Mas, al\u00e9m da cesta b\u00e1sica a gente tem que dormir, se locomover, enfim, tem outros gastos que n\u00e3o fazem parte da cesta b\u00e1sica. As pessoas t\u00eam outras necessidades\u201d, disse. \u201cTem muita gente morando na rua. S\u00e3o 33 milh\u00f5es de pessoas passando fome no Brasil. N\u00e3o t\u00eam o que comer. Essa \u00e9 a triste marca que o Brasil chegou, \u00e9 o retrato do nosso pa\u00eds hoje, e isso precisa mudar!\u201d, completou, ressaltando que a infla\u00e7\u00e3o e carestia tamb\u00e9m atingem os trabalhadores banc\u00e1rios e justificando que por isso \u00e9 preciso que haja um aumento maior nos valores do VR e do VA dos banc\u00e1rios.<\/p>\n<p>A categoria tamb\u00e9m pede a valoriza\u00e7\u00e3o dos vales refei\u00e7\u00e3o e alimenta\u00e7\u00e3o no valor de um sal\u00e1rio m\u00ednimo (R$ 1.212,00).<\/p>\n<p>Tamb\u00e9m definiram o piso com base no sal\u00e1rio m\u00ednimo do Dieese (R$ 6.535,40) e a PLR de tr\u00eas sal\u00e1rios mais parcela fixa adicional de R$ 12.887,04 reajustada pelo INPC com 5% de ganho real.<\/p>\n<h3><strong>Principais reivindica\u00e7\u00f5es<\/strong><\/h3>\n<p>Na pauta definida pela categoria destacam-se a reposi\u00e7\u00e3o salarial e nas demais verbas com base na infla\u00e7\u00e3o do per\u00edodo entre 31 de agosto de 2021 e 1\u00ba de setembro de 2022 (INPC) mais 5% de aumento real. Veja outras reivindica\u00e7\u00f5es:<\/p>\n<ul>\n<li>Aumento maior para o VR e VA;<\/li>\n<li>Garantia dos empregos<\/li>\n<li>Manuten\u00e7\u00e3o da regra da PLR, atualizada pelo \u00edndice de reajuste;<\/li>\n<li>Fim das metas abusivas;<\/li>\n<li>Combate ao ass\u00e9dio moral;<\/li>\n<li>Acompanhamento e tratamento de banc\u00e1rios com sequelas da Covid-19.<\/li>\n<\/ul>\n<h3>Calend\u00e1rio<\/h3>\n<p>As negocia\u00e7\u00f5es j\u00e1 come\u00e7am na semana que vem. Veja abaixo o calend\u00e1rio de negocia\u00e7\u00f5es.<\/p>\n<p><strong>Junho:<br \/><\/strong>22 e 27\/6<\/p>\n<p><strong>Julho:<br \/><\/strong>6, 22 e 28\/7<\/p>\n<p><strong>Agosto:<br \/><\/strong>1, 3, 8, 11, 15, 18, 19, 20, 22, 23 e 24\/8<\/p>\n<p>Fonte: Contraf-CUT<\/p>\n","protected":false},"excerpt":{"rendered":"<p>Os banc\u00e1rios entregaram nesta quarta-feira (15) a minuta com as reivindica\u00e7\u00f5es da Campanha Nacional Unificada 2022 para a Federa\u00e7\u00e3o Nacional dos Bancos (Fenaban). A primeira rodada de negocia\u00e7\u00e3o com os bancos j\u00e1 vai acontecer na pr\u00f3xima quarta-feira (22). A data-base da categoria \u00e9 1\u00ba de setembro. A pauta de reivindica\u00e7\u00f5es foi definida no \u00faltimo final [&hellip;]<\/p>\n","protected":false},"author":2,"featured_media":12680,"comment_status":"","ping_status":"","sticky":false,"template":"","format":"standard","meta":{"footnotes":""},"categories":[3],"tags":[],"class_list":["post-12681","post","type-post","status-publish","format-standard","has-post-thumbnail","hentry","category-noticias"],"_links":{"self":[{"href":"https:\/\/hostnetart.com.br\/baixada\/wp-json\/wp\/v2\/posts\/12681","targetHints":{"allow":["GET"]}}],"collection":[{"href":"https:\/\/hostnetart.com.br\/baixada\/wp-json\/wp\/v2\/posts"}],"about":[{"href":"https:\/\/hostnetart.com.br\/baixada\/wp-json\/wp\/v2\/types\/post"}],"author":[{"embeddable":true,"href":"https:\/\/hostnetart.com.br\/baixada\/wp-json\/wp\/v2\/users\/2"}],"replies":[{"embeddable":true,"href":"https:\/\/hostnetart.com.br\/baixada\/wp-json\/wp\/v2\/comments?post=12681"}],"version-history":[{"count":0,"href":"https:\/\/hostnetart.com.br\/baixada\/wp-json\/wp\/v2\/posts\/12681\/revisions"}],"wp:featuredmedia":[{"embeddable":true,"href":"https:\/\/hostnetart.com.br\/baixada\/wp-json\/wp\/v2\/media\/12680"}],"wp:attachment":[{"href":"https:\/\/hostnetart.com.br\/baixada\/wp-json\/wp\/v2\/media?parent=12681"}],"wp:term":[{"taxonomy":"category","embeddable":true,"href":"https:\/\/hostnetart.com.br\/baixada\/wp-json\/wp\/v2\/categories?post=12681"},{"taxonomy":"post_tag","embeddable":true,"href":"https:\/\/hostnetart.com.br\/baixada\/wp-json\/wp\/v2\/tags?post=12681"}],"curies":[{"name":"wp","href":"https:\/\/api.w.org\/{rel}","templated":true}]}}