{"id":12679,"date":"2022-06-15T19:21:02","date_gmt":"2022-06-15T22:21:02","guid":{"rendered":"https:\/\/hostnetart.com.br\/baixada\/votacao-do-pl-5272-e-adiada-na-alerj\/"},"modified":"2022-06-15T19:21:02","modified_gmt":"2022-06-15T22:21:02","slug":"votacao-do-pl-5272-e-adiada-na-alerj","status":"publish","type":"post","link":"https:\/\/hostnetart.com.br\/baixada\/votacao-do-pl-5272-e-adiada-na-alerj\/","title":{"rendered":"Vota\u00e7\u00e3o do PL 5272 \u00e9 adiada na Alerj"},"content":{"rendered":"<p>O Comit\u00ea de Lutas de Combate ao Racismo dos Banc\u00e1rios do Rio marcou presen\u00e7a no Plen\u00e1rio da Assembleia Legislativa do Estado do Rio de Janeiro (Alerj) na ter\u00e7a-feira (14), onde era para ter sido votado o Projeto de Lei 5272\/2021, que visa coibir o uso do reconhecimento fotogr\u00e1fico como prova \u00fanica para decretar a pris\u00e3o.<\/p>\n<p>Segundo nota t\u00e9cnica da Defensoria P\u00fablica do Estado do Rio de Janeiro, publicada em maio deste ano, entre 10 estados pesquisados, o Rio \u00e9 o que mais comete erros nos reconhecimentos fotogr\u00e1ficos levando inocentes negros e pardos a pris\u00f5es preventivas que duram em m\u00e9dia 1 ano e 2 meses. Este estudo aponta que \u201cos pretos e pardos correspondem a 83% dos acusados equivocadamente por erro no reconhecimento fotogr\u00e1fico\u201d. Tendo em vista a dura realidade, se faz necess\u00e1rio a aprova\u00e7\u00e3o do Projeto de Lei 5272\/2021.<\/p>\n<p>Almir Aguiar, secret\u00e1rio de Combate ao Racismo da Confedera\u00e7\u00e3o Nacional dos Trabalhadores do Ramo Financeiro (Contraf-CUT), estava presente e relatou que, depois de um breve debate, foi retirado de pauta para que realizem audi\u00eancias p\u00fablicas e o debate em plen\u00e1rio volta no m\u00eas de julho. \u201cEsse \u00e9 um problema grave no estado do Rio de Janeiro, mas \u00e9 tamb\u00e9m uma quest\u00e3o nacional, apesar de o n\u00famero de injusti\u00e7as em fun\u00e7\u00e3o desse procedimento ser pior no Rio. Um caso recente deu in\u00edcio a um inqu\u00e9rito policial da Chacina da Sapiranga, que deixou cinco mortes em Fortaleza. A fotografia do ator norte-americano Michael Jordan (filmes como Nascido para lutar e Pantera Negra) era uma das tr\u00eas imagens de um termo de reconhecimento fotogr\u00e1fico\u201d, disse Almir Aguiar.<\/p>\n<p>Para o secret\u00e1rio da Contraf-CUT, \u00e9 importante que \u201cnegras e negros percebam as nuances do PL 5272\/2021, debatam sobre o tema e compare\u00e7am em massa no dia da vota\u00e7\u00e3o. Juntos somos fortes!\u201d.<\/p>\n<p><strong>Fonte: Contraf-CUT<\/strong><\/p>\n","protected":false},"excerpt":{"rendered":"<p>O Comit\u00ea de Lutas de Combate ao Racismo dos Banc\u00e1rios do Rio marcou presen\u00e7a no Plen\u00e1rio da Assembleia Legislativa do Estado do Rio de Janeiro (Alerj) na ter\u00e7a-feira (14), onde era para ter sido votado o Projeto de Lei 5272\/2021, que visa coibir o uso do reconhecimento fotogr\u00e1fico como prova \u00fanica para decretar a pris\u00e3o. [&hellip;]<\/p>\n","protected":false},"author":2,"featured_media":12678,"comment_status":"","ping_status":"","sticky":false,"template":"","format":"standard","meta":{"footnotes":""},"categories":[3],"tags":[],"class_list":["post-12679","post","type-post","status-publish","format-standard","has-post-thumbnail","hentry","category-noticias"],"_links":{"self":[{"href":"https:\/\/hostnetart.com.br\/baixada\/wp-json\/wp\/v2\/posts\/12679","targetHints":{"allow":["GET"]}}],"collection":[{"href":"https:\/\/hostnetart.com.br\/baixada\/wp-json\/wp\/v2\/posts"}],"about":[{"href":"https:\/\/hostnetart.com.br\/baixada\/wp-json\/wp\/v2\/types\/post"}],"author":[{"embeddable":true,"href":"https:\/\/hostnetart.com.br\/baixada\/wp-json\/wp\/v2\/users\/2"}],"replies":[{"embeddable":true,"href":"https:\/\/hostnetart.com.br\/baixada\/wp-json\/wp\/v2\/comments?post=12679"}],"version-history":[{"count":0,"href":"https:\/\/hostnetart.com.br\/baixada\/wp-json\/wp\/v2\/posts\/12679\/revisions"}],"wp:featuredmedia":[{"embeddable":true,"href":"https:\/\/hostnetart.com.br\/baixada\/wp-json\/wp\/v2\/media\/12678"}],"wp:attachment":[{"href":"https:\/\/hostnetart.com.br\/baixada\/wp-json\/wp\/v2\/media?parent=12679"}],"wp:term":[{"taxonomy":"category","embeddable":true,"href":"https:\/\/hostnetart.com.br\/baixada\/wp-json\/wp\/v2\/categories?post=12679"},{"taxonomy":"post_tag","embeddable":true,"href":"https:\/\/hostnetart.com.br\/baixada\/wp-json\/wp\/v2\/tags?post=12679"}],"curies":[{"name":"wp","href":"https:\/\/api.w.org\/{rel}","templated":true}]}}