{"id":12675,"date":"2022-06-15T17:12:43","date_gmt":"2022-06-15T20:12:43","guid":{"rendered":"https:\/\/hostnetart.com.br\/baixada\/minuta-de-reivindicacoes-ja-foi-entregue-ao-santander\/"},"modified":"2022-06-15T17:12:43","modified_gmt":"2022-06-15T20:12:43","slug":"minuta-de-reivindicacoes-ja-foi-entregue-ao-santander","status":"publish","type":"post","link":"https:\/\/hostnetart.com.br\/baixada\/minuta-de-reivindicacoes-ja-foi-entregue-ao-santander\/","title":{"rendered":"Minuta de reivindica\u00e7\u00f5es j\u00e1 foi entregue ao Santander"},"content":{"rendered":"<p>A Comiss\u00e3o de Organiza\u00e7\u00e3o dos Empregados (COE) do Santander, respons\u00e1vel pelas negocia\u00e7\u00f5es do acordo espec\u00edfico com o banco, entregou, nesta ter\u00e7a-feira (14), a minuta de reivindica\u00e7\u00f5es. A pauta de foi debatida nacionalmente e aprovada durante o\u00a0<a href=\"https:\/\/contrafcut.com.br\/noticias\/bancarios-do-santander-definem-estrategias-para-negociacao-com-o-banco\" target=\"_blank\" rel=\"noopener noreferrer\">Encontro Nacional dos Funcion\u00e1rios do Banco Santander<\/a>, ocorrido na quinta-feira (9).<\/p>\n<p>\u201cEstamos aqui na Torre, sede do Santander, em S\u00e3o Paulo. Entregamos h\u00e1 pouco a minuta de reivindica\u00e7\u00f5es do acordo espec\u00edfico do banco e a agora esperamos a indica\u00e7\u00e3o de calend\u00e1rio para iniciarmos o processo de negocia\u00e7\u00e3o deste importante acordo. \u00c9 nele que est\u00e1 o programa pr\u00f3prio do Santander, com as bolsas de gradua\u00e7\u00e3o e p\u00f3s-gradua\u00e7\u00e3o e uma por\u00e7\u00e3o de outras cl\u00e1usulas extremamente importantes para os banc\u00e1rios do Santander\u201d, disse a coordenadora da COE\/Santander, Lucimara Malaquias.\u00a0<\/p>\n<p>\u201cTodos nossos direitos, desde o vale-refei\u00e7\u00e3o at\u00e9 a PLR (Participa\u00e7\u00e3o nos Lucros e\/ou Resultados), s\u00e3o fruto de muita organiza\u00e7\u00e3o e luta dos trabalhadores e suas representa\u00e7\u00f5es sindicais. Precisamos manter nossa uni\u00e3o e nos mobilizarmos para garantir os direitos atuais e buscar avan\u00e7ar rumo a novos direitos\u201d, ressaltou Lucimara.<\/p>\n<h3><strong>Nas ruas e nas redes<\/strong><\/h3>\n<p>Antes da entrega da pauta de reivindica\u00e7\u00f5es ao banco, foi realizado um ato no local para informar e mobilizar banc\u00e1rias e banc\u00e1rios para a campanha. Os banc\u00e1rios tamb\u00e9m ocuparam as redes sociais, das 11h \u00e0s 12h, com um\u00a0<a href=\"https:\/\/twitter.com\/Contraf_CUT\/status\/1536724144762535938\/photo\/1\" target=\"_blank\" rel=\"noopener noreferrer\">tuita\u00e7o<\/a>, que colocou a\u00a0<em>hashtag<\/em>\u00a0#SantanderQueremosAvancos entre os assuntos mais comentados naquele hor\u00e1rio do dia.<\/p>\n<p><strong>Fonte: Contraf-CUT<\/strong><\/p>\n","protected":false},"excerpt":{"rendered":"<p>A Comiss\u00e3o de Organiza\u00e7\u00e3o dos Empregados (COE) do Santander, respons\u00e1vel pelas negocia\u00e7\u00f5es do acordo espec\u00edfico com o banco, entregou, nesta ter\u00e7a-feira (14), a minuta de reivindica\u00e7\u00f5es. A pauta de foi debatida nacionalmente e aprovada durante o\u00a0Encontro Nacional dos Funcion\u00e1rios do Banco Santander, ocorrido na quinta-feira (9). \u201cEstamos aqui na Torre, sede do Santander, em S\u00e3o [&hellip;]<\/p>\n","protected":false},"author":2,"featured_media":12674,"comment_status":"","ping_status":"","sticky":false,"template":"","format":"standard","meta":{"footnotes":""},"categories":[3],"tags":[],"class_list":["post-12675","post","type-post","status-publish","format-standard","has-post-thumbnail","hentry","category-noticias"],"_links":{"self":[{"href":"https:\/\/hostnetart.com.br\/baixada\/wp-json\/wp\/v2\/posts\/12675","targetHints":{"allow":["GET"]}}],"collection":[{"href":"https:\/\/hostnetart.com.br\/baixada\/wp-json\/wp\/v2\/posts"}],"about":[{"href":"https:\/\/hostnetart.com.br\/baixada\/wp-json\/wp\/v2\/types\/post"}],"author":[{"embeddable":true,"href":"https:\/\/hostnetart.com.br\/baixada\/wp-json\/wp\/v2\/users\/2"}],"replies":[{"embeddable":true,"href":"https:\/\/hostnetart.com.br\/baixada\/wp-json\/wp\/v2\/comments?post=12675"}],"version-history":[{"count":0,"href":"https:\/\/hostnetart.com.br\/baixada\/wp-json\/wp\/v2\/posts\/12675\/revisions"}],"wp:featuredmedia":[{"embeddable":true,"href":"https:\/\/hostnetart.com.br\/baixada\/wp-json\/wp\/v2\/media\/12674"}],"wp:attachment":[{"href":"https:\/\/hostnetart.com.br\/baixada\/wp-json\/wp\/v2\/media?parent=12675"}],"wp:term":[{"taxonomy":"category","embeddable":true,"href":"https:\/\/hostnetart.com.br\/baixada\/wp-json\/wp\/v2\/categories?post=12675"},{"taxonomy":"post_tag","embeddable":true,"href":"https:\/\/hostnetart.com.br\/baixada\/wp-json\/wp\/v2\/tags?post=12675"}],"curies":[{"name":"wp","href":"https:\/\/api.w.org\/{rel}","templated":true}]}}