{"id":12673,"date":"2022-06-15T17:09:31","date_gmt":"2022-06-15T20:09:31","guid":{"rendered":"https:\/\/hostnetart.com.br\/baixada\/movimento-sindical-entrega-pauta-de-reivindicacoes-dos-financiarios-a-fenacrefi\/"},"modified":"2022-06-15T17:09:31","modified_gmt":"2022-06-15T20:09:31","slug":"movimento-sindical-entrega-pauta-de-reivindicacoes-dos-financiarios-a-fenacrefi","status":"publish","type":"post","link":"https:\/\/hostnetart.com.br\/baixada\/movimento-sindical-entrega-pauta-de-reivindicacoes-dos-financiarios-a-fenacrefi\/","title":{"rendered":"Movimento sindical entrega pauta de reivindica\u00e7\u00f5es dos financi\u00e1rios \u00e0 Fenacrefi"},"content":{"rendered":"<p>Representantes dos financi\u00e1rios, formada por membro do coletivo da Confedera\u00e7\u00e3o Nacional do Ramo Financeiro (Contraf-CUT), federa\u00e7\u00f5es e sindicatos, entregaram, na manh\u00e3 desta quarta-feira (15), a pauta de reivindica\u00e7\u00f5es dos trabalhadores \u00e0 Federa\u00e7\u00e3o Interestadual das Institui\u00e7\u00f5es de Cr\u00e9dito, Financiamento e Investimento (Fenacref). O documento servir\u00e1 de base para as mesas de negocia\u00e7\u00e3o entre financi\u00e1rios e financeiras, para a renova\u00e7\u00e3o da Conven\u00e7\u00e3o Coletiva de Trabalho (CCT) da categoria, cuja data base \u00e9 1\u00ba de junho.<\/p>\n<p>A pauta dos financi\u00e1rios foi constru\u00edda coletivamente por meio de consulta e encontros de trabalhadores em todo o pa\u00eds. A categoria quer a manuten\u00e7\u00e3o de todos os direitos previstos na atual CCT e tamb\u00e9m avan\u00e7ar em novas conquistas, como aumento real para sal\u00e1rios e demais verbas, regulamenta\u00e7\u00e3o do teletrabalho, melhorias nas quest\u00f5es de sa\u00fade, como aumento do prazo de extens\u00e3o do plano aos demitidos e cl\u00e1usulas espec\u00edficas sobre tratamento da covid e suas sequelas (veja abaixo os pontos do documento).<\/p>\n<p>\u201cA entrega da pauta marca o in\u00edcio das negocia\u00e7\u00f5es com os empregadores. A partir de agora, vamos estabelecer um calend\u00e1rio para as mesas de negocia\u00e7\u00e3o. Cobramos isso hoje da Fenacrefi e as datas devem ser estabelecidas j\u00e1 na pr\u00f3xima semana. Mas o importante \u00e9 que a categoria se mantenha informada pelos nossos canais de comunica\u00e7\u00e3o, sites e redes sociais, e que se engaje na campanha. \u00c9 essencial uma maior organiza\u00e7\u00e3o dos trabalhadores do ramo. S\u00f3 com a mobiliza\u00e7\u00e3o de todos, junto a seus sindicatos, que teremos uma campanha vitoriosa, com novas conquistas para os trabalhadores em financeiras\u201d, destaca o dirigente sindical da coordenador do Coletivo dos Financi\u00e1rios da Confedera\u00e7\u00e3o Nacional dos Trabalhadores do Ramo Financeiro (Contraf-CUT), Jair Alves.<\/p>\n<p>Al\u00e9m da entrega da pauta, os dirigentes sindicais ainda entregaram \u00e0 Fenacrefi um pr\u00e9-acordo garantindo a manuten\u00e7\u00e3o da data base (1\u00ba de junho) e a extens\u00e3o da validade da atual CCT (vencida em 31 de maio) at\u00e9 que a campanha se encerre com a assinatura de uma nova CCT.<\/p>\n<p>Al\u00e9m de Jair Alves, participaram da cerim\u00f4nia de entrega o secret\u00e1rio-geral da Contraf-CUT, Gustavo Tabatinga Jr, o presidente do Sindicato dos Banc\u00e1rios de Curitiba, Ant\u00f4nio Luiz Fermino, o diretor do Sindicato dos Banc\u00e1rios da Bahia, Adelmo Andrade, o diretor da FETEC-CUT\/SP, Valdir Machado de Oliveira, Katlinm de Sales, da Fetec-CUT\/PR, e Cynthia Valente, assessora jur\u00eddica do Sindicato dos Banc\u00e1rios de S\u00e3o Paulo.<\/p>\n<h3>Reivindica\u00e7\u00f5es dos financi\u00e1rios<\/h3>\n<p><em>Al\u00e9m da manuten\u00e7\u00e3o das cl\u00e1usulas da atual CCT, a categoria quer: assinatura de um novo acordo com validade de 2 anos (de 1\u00ba de junho de 2022 a 31 de maio de 2024);<\/em><\/p>\n<ul>\n<li>Reposi\u00e7\u00e3o da infla\u00e7\u00e3o (INPC acumulado entre 01\/06\/2021 at\u00e9 31\/05\/2022) sobre os valores da CCT vigente, al\u00e9m de aumento real de 5% para igual per\u00edodo sobre os sal\u00e1rios e demais benef\u00edcios e sobre os valores para pagamento de PLR, para os exerc\u00edcios de 2022 e 2023;<\/li>\n<li>Garantia de per\u00edodos maiores na cl\u00e1usula de \u201cextens\u00e3o da assist\u00eancia m\u00e9dica e hospitalar aos empregados despedidos\u201d (cl\u00e1usula 42 da CCT vigente), contados a partir do \u00faltimo dia de trabalho e de acordo com tempo de casa (at\u00e9 5 anos \u2013 180 dias; mais de 5 e at\u00e9 10 anos \u2013 210 dias; mais de 10 at\u00e9 20 anos \u2013 300 dias; mais de 20 anos \u2013 390 dias);<\/li>\n<li>Conceder gratuitamente a vacina contra a gripe e demais epidemias aos empregados e seus dependentes, ou ainda reembolsar as despesas com a vacina\u00e7\u00e3o necess\u00e1ria nos exerc\u00edcios de 2022 e 2023;<\/li>\n<li>Inclus\u00e3o de cl\u00e1usula para regulamentar o teletrabalho;<\/li>\n<li>Inclus\u00e3o de cl\u00e1usula para dar acesso aos sindicatos, por meio de seus representantes, aos locais de trabalho e aos empregados, facilitando a realiza\u00e7\u00e3o de reuni\u00f5es presenciais e virtuais para a\u00e7\u00f5es sindicais e campanhas de sindicaliza\u00e7\u00e3o;<\/li>\n<li>Sa\u00fade: cl\u00e1usulas espec\u00edficas para o tratamento da covid e sequelas, al\u00e9m de garantias aos empregados acometidos pela doen\u00e7a.<\/li>\n<\/ul>\n<p><strong>Fonte: Contraf-CUT<\/strong><\/p>\n","protected":false},"excerpt":{"rendered":"<p>Representantes dos financi\u00e1rios, formada por membro do coletivo da Confedera\u00e7\u00e3o Nacional do Ramo Financeiro (Contraf-CUT), federa\u00e7\u00f5es e sindicatos, entregaram, na manh\u00e3 desta quarta-feira (15), a pauta de reivindica\u00e7\u00f5es dos trabalhadores \u00e0 Federa\u00e7\u00e3o Interestadual das Institui\u00e7\u00f5es de Cr\u00e9dito, Financiamento e Investimento (Fenacref). O documento servir\u00e1 de base para as mesas de negocia\u00e7\u00e3o entre financi\u00e1rios e financeiras, [&hellip;]<\/p>\n","protected":false},"author":2,"featured_media":12672,"comment_status":"","ping_status":"","sticky":false,"template":"","format":"standard","meta":{"footnotes":""},"categories":[3],"tags":[],"class_list":["post-12673","post","type-post","status-publish","format-standard","has-post-thumbnail","hentry","category-noticias"],"_links":{"self":[{"href":"https:\/\/hostnetart.com.br\/baixada\/wp-json\/wp\/v2\/posts\/12673","targetHints":{"allow":["GET"]}}],"collection":[{"href":"https:\/\/hostnetart.com.br\/baixada\/wp-json\/wp\/v2\/posts"}],"about":[{"href":"https:\/\/hostnetart.com.br\/baixada\/wp-json\/wp\/v2\/types\/post"}],"author":[{"embeddable":true,"href":"https:\/\/hostnetart.com.br\/baixada\/wp-json\/wp\/v2\/users\/2"}],"replies":[{"embeddable":true,"href":"https:\/\/hostnetart.com.br\/baixada\/wp-json\/wp\/v2\/comments?post=12673"}],"version-history":[{"count":0,"href":"https:\/\/hostnetart.com.br\/baixada\/wp-json\/wp\/v2\/posts\/12673\/revisions"}],"wp:featuredmedia":[{"embeddable":true,"href":"https:\/\/hostnetart.com.br\/baixada\/wp-json\/wp\/v2\/media\/12672"}],"wp:attachment":[{"href":"https:\/\/hostnetart.com.br\/baixada\/wp-json\/wp\/v2\/media?parent=12673"}],"wp:term":[{"taxonomy":"category","embeddable":true,"href":"https:\/\/hostnetart.com.br\/baixada\/wp-json\/wp\/v2\/categories?post=12673"},{"taxonomy":"post_tag","embeddable":true,"href":"https:\/\/hostnetart.com.br\/baixada\/wp-json\/wp\/v2\/tags?post=12673"}],"curies":[{"name":"wp","href":"https:\/\/api.w.org\/{rel}","templated":true}]}}