{"id":12671,"date":"2022-06-15T16:22:35","date_gmt":"2022-06-15T19:22:35","guid":{"rendered":"https:\/\/hostnetart.com.br\/baixada\/bancarios-aprovam-minuta-de-reivindicacoes-em-assembleia\/"},"modified":"2022-06-15T16:22:35","modified_gmt":"2022-06-15T19:22:35","slug":"bancarios-aprovam-minuta-de-reivindicacoes-em-assembleia","status":"publish","type":"post","link":"https:\/\/hostnetart.com.br\/baixada\/bancarios-aprovam-minuta-de-reivindicacoes-em-assembleia\/","title":{"rendered":"Banc\u00e1rios aprovam minuta de reivindica\u00e7\u00f5es em assembleia"},"content":{"rendered":"<p>Banc\u00e1rias e banc\u00e1rios de todo o Brasil aprovaram, em assembleias realizadas segunda (13) e ter\u00e7a-feira (14), a minuta de reivindica\u00e7\u00f5es que ser\u00e1 entregue \u00e0 Federa\u00e7\u00e3o Nacional do Bancos (Fenaban), na tarde desta quarta-feira (15). O documento foi definido durante a 24\u00aa Confer\u00eancia Nacional dos Banc\u00e1rios, encerrada no \u00faltimo domingo (12).<\/p>\n<p>As propostas das bases foram levadas ao evento ap\u00f3s serem discutidas em confer\u00eancias estaduais e regionais realizadas em todo o pa\u00eds e tamb\u00e9m as apuradas por meio da Consulta Nacional \u00e0 categoria, que contou com a participa\u00e7\u00e3o de mais de 35 mil banc\u00e1rios.<\/p>\n<p>\u201cA constru\u00e7\u00e3o de nossa minuta de reivindica\u00e7\u00f5es conta com a participa\u00e7\u00e3o das bases de nossa categoria desde a apresenta\u00e7\u00e3o da proposta, at\u00e9 o momento final, quando s\u00e3o aprovadas em assembleias realizadas em todo o pa\u00eds, ap\u00f3s ter sido debatida em diversas inst\u00e2ncias\u201d, disse a presidenta da Confedera\u00e7\u00e3o Nacional dos Trabalhadores do Ramo Financeiro (Contraf-CUT), Juvandia Moreira, que \u00e9 coordenadora do Comando Nacional dos Banc\u00e1rios.<\/p>\n<p>A presidenta da Contraf-CUT observa, ainda, que a participa\u00e7\u00e3o das banc\u00e1rias e dos banc\u00e1rios continua ap\u00f3s a aprova\u00e7\u00e3o da minuta de reivindica\u00e7\u00f5es. \u201cEstamos apenas no in\u00edcio da campanha. A ap\u00f3s a aprova\u00e7\u00e3o da minuta de reivindica\u00e7\u00f5es come\u00e7am as negocia\u00e7\u00f5es com a Fenaban e os bancos. A partir da\u00ed, a uni\u00e3o e mobiliza\u00e7\u00e3o da categoria \u00e9 fundamental para que a gente consiga mostrar a for\u00e7a dos trabalhadores e obter bons resultados na negocia\u00e7\u00e3o\u201d, explicou. \u201cVamos nos manter unidos e \u2018bora ganhar esse jogo\u2019\u201d, concluiu Juvandia em alus\u00e3o ao slogan da Campanha Nacional dos banc\u00e1rios 2022.<\/p>\n<p><strong>Fonte: Contraf-CUT<\/strong><\/p>\n","protected":false},"excerpt":{"rendered":"<p>Banc\u00e1rias e banc\u00e1rios de todo o Brasil aprovaram, em assembleias realizadas segunda (13) e ter\u00e7a-feira (14), a minuta de reivindica\u00e7\u00f5es que ser\u00e1 entregue \u00e0 Federa\u00e7\u00e3o Nacional do Bancos (Fenaban), na tarde desta quarta-feira (15). O documento foi definido durante a 24\u00aa Confer\u00eancia Nacional dos Banc\u00e1rios, encerrada no \u00faltimo domingo (12). As propostas das bases foram [&hellip;]<\/p>\n","protected":false},"author":2,"featured_media":12670,"comment_status":"","ping_status":"","sticky":false,"template":"","format":"standard","meta":{"footnotes":""},"categories":[3],"tags":[],"class_list":["post-12671","post","type-post","status-publish","format-standard","has-post-thumbnail","hentry","category-noticias"],"_links":{"self":[{"href":"https:\/\/hostnetart.com.br\/baixada\/wp-json\/wp\/v2\/posts\/12671","targetHints":{"allow":["GET"]}}],"collection":[{"href":"https:\/\/hostnetart.com.br\/baixada\/wp-json\/wp\/v2\/posts"}],"about":[{"href":"https:\/\/hostnetart.com.br\/baixada\/wp-json\/wp\/v2\/types\/post"}],"author":[{"embeddable":true,"href":"https:\/\/hostnetart.com.br\/baixada\/wp-json\/wp\/v2\/users\/2"}],"replies":[{"embeddable":true,"href":"https:\/\/hostnetart.com.br\/baixada\/wp-json\/wp\/v2\/comments?post=12671"}],"version-history":[{"count":0,"href":"https:\/\/hostnetart.com.br\/baixada\/wp-json\/wp\/v2\/posts\/12671\/revisions"}],"wp:featuredmedia":[{"embeddable":true,"href":"https:\/\/hostnetart.com.br\/baixada\/wp-json\/wp\/v2\/media\/12670"}],"wp:attachment":[{"href":"https:\/\/hostnetart.com.br\/baixada\/wp-json\/wp\/v2\/media?parent=12671"}],"wp:term":[{"taxonomy":"category","embeddable":true,"href":"https:\/\/hostnetart.com.br\/baixada\/wp-json\/wp\/v2\/categories?post=12671"},{"taxonomy":"post_tag","embeddable":true,"href":"https:\/\/hostnetart.com.br\/baixada\/wp-json\/wp\/v2\/tags?post=12671"}],"curies":[{"name":"wp","href":"https:\/\/api.w.org\/{rel}","templated":true}]}}