{"id":12669,"date":"2022-06-14T17:16:20","date_gmt":"2022-06-14T20:16:20","guid":{"rendered":"https:\/\/hostnetart.com.br\/baixada\/bancarios-do-bradesco-entregam-minuta-especifica-ao-banco-2\/"},"modified":"2022-06-14T17:16:20","modified_gmt":"2022-06-14T20:16:20","slug":"bancarios-do-bradesco-entregam-minuta-especifica-ao-banco-2","status":"publish","type":"post","link":"https:\/\/hostnetart.com.br\/baixada\/bancarios-do-bradesco-entregam-minuta-especifica-ao-banco-2\/","title":{"rendered":"Banc\u00e1rios do Bradesco entregam minuta espec\u00edfica ao banco"},"content":{"rendered":"<p>Os banc\u00e1rios do Bradesco entregaram, nesta ter\u00e7a-feira (14), a minuta reivindica\u00e7\u00f5es espec\u00edficas \u00e0 dire\u00e7\u00e3o do banco. O documento \u00e9 resultado do Encontro Nacional dos Banc\u00e1rios do Bradesco, realizado na semana passada. \u201cMais do que recompor a infla\u00e7\u00e3o, os banc\u00e1rios, que trabalharam para garantir lucros astron\u00f4micos aos bancos, querem ter aumento real em seus sal\u00e1rios e a manuten\u00e7\u00e3o de todos os direitos previstos na Conven\u00e7\u00e3o Coletiva de Trabalho em vig\u00eancia\u201d, disse a presidenta da Confedera\u00e7\u00e3o Nacional dos Trabalhadores do Ramo Financeiro (Contraf-CUT) e coordenadora do Comando Nacional dos Banc\u00e1rios, Juvandia Moreira. \u201cMas, neste contexto de pandemia, as quest\u00f5es relacionadas \u00e0 sa\u00fade do trabalhador tamb\u00e9m ter\u00e3o destaque nesta campanha\u201d, completou.<\/p>\n<p>O emprego \u00e9 outro ponto central da pauta. \u201cO emprego nos preocupa muito. N\u00f3s reivindicamos n\u00e3o s\u00f3 a manuten\u00e7\u00e3o dos empregos, como tamb\u00e9m a contrata\u00e7\u00e3o de mais empregados, para adequar o quadro funcional ao porte das ag\u00eancias, o que possibilita o atendimento ideal para os clientes, sem sobrecarga de trabalho\u201d, afirmou Magaly Fagundes, coordenadora da Comiss\u00e3o de Organiza\u00e7\u00e3o de Empresa (COE) do Bradesco.<\/p>\n<p>Teletrabalho, remunera\u00e7\u00e3o, seguran\u00e7a, sa\u00fade, previd\u00eancia complementar, condi\u00e7\u00f5es de trabalho e aux\u00edlio educa\u00e7\u00e3o s\u00e3o outros pontos da minuta espec\u00edfica de reivindica\u00e7\u00f5es.<\/p>\n<p><strong>Fonte: Contraf-CUT<\/strong><\/p>\n","protected":false},"excerpt":{"rendered":"<p>Os banc\u00e1rios do Bradesco entregaram, nesta ter\u00e7a-feira (14), a minuta reivindica\u00e7\u00f5es espec\u00edficas \u00e0 dire\u00e7\u00e3o do banco. O documento \u00e9 resultado do Encontro Nacional dos Banc\u00e1rios do Bradesco, realizado na semana passada. \u201cMais do que recompor a infla\u00e7\u00e3o, os banc\u00e1rios, que trabalharam para garantir lucros astron\u00f4micos aos bancos, querem ter aumento real em seus sal\u00e1rios e [&hellip;]<\/p>\n","protected":false},"author":2,"featured_media":12668,"comment_status":"","ping_status":"","sticky":false,"template":"","format":"standard","meta":{"footnotes":""},"categories":[3],"tags":[],"class_list":["post-12669","post","type-post","status-publish","format-standard","has-post-thumbnail","hentry","category-noticias"],"_links":{"self":[{"href":"https:\/\/hostnetart.com.br\/baixada\/wp-json\/wp\/v2\/posts\/12669","targetHints":{"allow":["GET"]}}],"collection":[{"href":"https:\/\/hostnetart.com.br\/baixada\/wp-json\/wp\/v2\/posts"}],"about":[{"href":"https:\/\/hostnetart.com.br\/baixada\/wp-json\/wp\/v2\/types\/post"}],"author":[{"embeddable":true,"href":"https:\/\/hostnetart.com.br\/baixada\/wp-json\/wp\/v2\/users\/2"}],"replies":[{"embeddable":true,"href":"https:\/\/hostnetart.com.br\/baixada\/wp-json\/wp\/v2\/comments?post=12669"}],"version-history":[{"count":0,"href":"https:\/\/hostnetart.com.br\/baixada\/wp-json\/wp\/v2\/posts\/12669\/revisions"}],"wp:featuredmedia":[{"embeddable":true,"href":"https:\/\/hostnetart.com.br\/baixada\/wp-json\/wp\/v2\/media\/12668"}],"wp:attachment":[{"href":"https:\/\/hostnetart.com.br\/baixada\/wp-json\/wp\/v2\/media?parent=12669"}],"wp:term":[{"taxonomy":"category","embeddable":true,"href":"https:\/\/hostnetart.com.br\/baixada\/wp-json\/wp\/v2\/categories?post=12669"},{"taxonomy":"post_tag","embeddable":true,"href":"https:\/\/hostnetart.com.br\/baixada\/wp-json\/wp\/v2\/tags?post=12669"}],"curies":[{"name":"wp","href":"https:\/\/api.w.org\/{rel}","templated":true}]}}