{"id":12665,"date":"2022-06-14T16:58:27","date_gmt":"2022-06-14T19:58:27","guid":{"rendered":"https:\/\/hostnetart.com.br\/baixada\/previ-itinerante-marca-presenca-no-congresso-nacional-dos-funcionarios-do-bb\/"},"modified":"2022-06-14T16:58:27","modified_gmt":"2022-06-14T19:58:27","slug":"previ-itinerante-marca-presenca-no-congresso-nacional-dos-funcionarios-do-bb","status":"publish","type":"post","link":"https:\/\/hostnetart.com.br\/baixada\/previ-itinerante-marca-presenca-no-congresso-nacional-dos-funcionarios-do-bb\/","title":{"rendered":"Previ Itinerante marca presen\u00e7a no Congresso Nacional dos Funcion\u00e1rios do BB"},"content":{"rendered":"<p>Criada para desenvolver a cultura previdenci\u00e1ria entre os associados e aumentar o conhecimento sobre os planos de benef\u00edcios, a Previ Itinerante esteve presente no 33\u00ba Congresso Nacional dos Funcion\u00e1rios do Banco do Brasil (CNFBB), realizado entre os dias 8 e 10 de junho, de forma h\u00edbrida, com a parte presencial em S\u00e3o Paulo.<\/p>\n<p>\u201cO saldo das atividades, nesses tr\u00eas dias, foi bastante positivo\u201d, avaliou Wagner Nascimento, diretor eleito de Seguridade, que participou do Congresso. \u201cTivemos v\u00e1rios atendimentos aos associados, incluindo contrata\u00e7\u00e3o de Previ Fam\u00edlia para familiares e Capec\u201d, completou.<\/p>\n<h3>Defesa do BB p\u00fablico<\/h3>\n<p>O tema do CNFBB neste ano foi \u201cBB p\u00fablico sim, BB mais social sempre!\u201d \u201cA defesa do Banco do Brasil p\u00fablico \u00e9 uma bandeira que carregamos desde o primeiro Congresso do funcionalismo. E reafirmamos no debate a posi\u00e7\u00e3o dos dirigentes eleitos de que defender o Banco do Brasil \u00e9 tamb\u00e9m defender a Previ\u201d, contou Wagner.<\/p>\n<p>Uma das principais mesas do encontro foi a intitulada \u201cO papel do BB na reconstru\u00e7\u00e3o do Brasil que a gente quer\u201d, que contou com a participa\u00e7\u00e3o de Guido Mantega, ex-ministro da Fazenda nos governos Lula e Dilma. \u201cUm banco p\u00fablico n\u00e3o \u00e9 igual a um banco privado. O objetivo do banco privado \u00e9 ter o lucro m\u00e1ximo, ele n\u00e3o est\u00e1 preocupado com a quest\u00e3o social. J\u00e1 o banco p\u00fablico, tem que ter lucro e tem que ser eficiente, mas tem que ajudar a economia a crescer, a distribuir renda\u201d, destacou Guido durante sua interven\u00e7\u00e3o.<\/p>\n<p>A mesa foi mediada pelo coordenador da Comiss\u00e3o de Empresa dos Funcion\u00e1rios do Banco do Brasil (CEBB), Jo\u00e3o Fukunaga. \u201cN\u00f3s, como sociedade, precisamos ter a consci\u00eancia do papel dos bancos p\u00fablicos para o desenvolvimento integral (econ\u00f4mico e social) do pa\u00eds, para termos mais subs\u00eddios nesta luta contra o desmonte das estatais, incluindo os bancos p\u00fablicos\u201d, avaliou.\u00a0<\/p>\n<h3>Confer\u00eancia Nacional<\/h3>\n<p>Ap\u00f3s o t\u00e9rmino do CNFBB, estande da Previ Itinerante foi transferindo para a Confer\u00eancia Nacional dos Banc\u00e1rios, que terminou no domingo, dia 12. \u201cEssa abordagem da Previ junto aos banc\u00e1rios de outras institui\u00e7\u00f5es foi in\u00e9dita e serviu tanto para marcar presen\u00e7a quanto para mostrar aos colegas dos outros bancos o funcionamento dos nossos planos\u201d, concluiu Wagner.<\/p>\n<p><strong>Fonte: Contraf-CUT<\/strong><\/p>\n","protected":false},"excerpt":{"rendered":"<p>Criada para desenvolver a cultura previdenci\u00e1ria entre os associados e aumentar o conhecimento sobre os planos de benef\u00edcios, a Previ Itinerante esteve presente no 33\u00ba Congresso Nacional dos Funcion\u00e1rios do Banco do Brasil (CNFBB), realizado entre os dias 8 e 10 de junho, de forma h\u00edbrida, com a parte presencial em S\u00e3o Paulo. \u201cO saldo [&hellip;]<\/p>\n","protected":false},"author":2,"featured_media":12664,"comment_status":"","ping_status":"","sticky":false,"template":"","format":"standard","meta":{"footnotes":""},"categories":[3],"tags":[],"class_list":["post-12665","post","type-post","status-publish","format-standard","has-post-thumbnail","hentry","category-noticias"],"_links":{"self":[{"href":"https:\/\/hostnetart.com.br\/baixada\/wp-json\/wp\/v2\/posts\/12665","targetHints":{"allow":["GET"]}}],"collection":[{"href":"https:\/\/hostnetart.com.br\/baixada\/wp-json\/wp\/v2\/posts"}],"about":[{"href":"https:\/\/hostnetart.com.br\/baixada\/wp-json\/wp\/v2\/types\/post"}],"author":[{"embeddable":true,"href":"https:\/\/hostnetart.com.br\/baixada\/wp-json\/wp\/v2\/users\/2"}],"replies":[{"embeddable":true,"href":"https:\/\/hostnetart.com.br\/baixada\/wp-json\/wp\/v2\/comments?post=12665"}],"version-history":[{"count":0,"href":"https:\/\/hostnetart.com.br\/baixada\/wp-json\/wp\/v2\/posts\/12665\/revisions"}],"wp:featuredmedia":[{"embeddable":true,"href":"https:\/\/hostnetart.com.br\/baixada\/wp-json\/wp\/v2\/media\/12664"}],"wp:attachment":[{"href":"https:\/\/hostnetart.com.br\/baixada\/wp-json\/wp\/v2\/media?parent=12665"}],"wp:term":[{"taxonomy":"category","embeddable":true,"href":"https:\/\/hostnetart.com.br\/baixada\/wp-json\/wp\/v2\/categories?post=12665"},{"taxonomy":"post_tag","embeddable":true,"href":"https:\/\/hostnetart.com.br\/baixada\/wp-json\/wp\/v2\/tags?post=12665"}],"curies":[{"name":"wp","href":"https:\/\/api.w.org\/{rel}","templated":true}]}}