{"id":12663,"date":"2022-06-13T20:47:40","date_gmt":"2022-06-13T23:47:40","guid":{"rendered":"https:\/\/hostnetart.com.br\/baixada\/plano-de-lutas-e-minuta-de-reivindicacoes-que-sera-apresentada-fenaban-e-aprovada\/"},"modified":"2022-06-13T20:47:40","modified_gmt":"2022-06-13T23:47:40","slug":"plano-de-lutas-e-minuta-de-reivindicacoes-que-sera-apresentada-fenaban-e-aprovada","status":"publish","type":"post","link":"https:\/\/hostnetart.com.br\/baixada\/plano-de-lutas-e-minuta-de-reivindicacoes-que-sera-apresentada-fenaban-e-aprovada\/","title":{"rendered":"Plano de lutas e minuta de reivindica\u00e7\u00f5es que ser\u00e1 apresentada Fenaban \u00e9 aprovada"},"content":{"rendered":"<p>Representantes da categoria banc\u00e1ria de todo o pa\u00eds aprovaram, neste domingo (12), no encerramento da 24\u00aa Confer\u00eancia Nacional dos Banc\u00e1rios, o plano de lutas e a minuta de reivindica\u00e7\u00f5es que ser\u00e1 apresentada \u00e0 Federa\u00e7\u00e3o Nacional dos Bancos (Fenaban) para que se d\u00ea in\u00edcio \u00e0s negocia\u00e7\u00f5es da Campanha Nacional 2022.<\/p>\n<p>O Sindicato dos Banc\u00e1rios da Baixada Fluminense esteve presente, presencial ou remotamente, em todos os Congressos de Bancos p\u00fablicos, Encontros de Bancos Privados e, tamb\u00e9m, na Confer\u00eancia.\u00a0<\/p>\n<p>\u201cMais do que recompor a infla\u00e7\u00e3o, os banc\u00e1rios, que trabalharam para garantir lucros astron\u00f4micos aos bancos, querem ter aumento real em seus sal\u00e1rios e a manuten\u00e7\u00e3o de todos os direitos previstos na Conven\u00e7\u00e3o Coletiva de Trabalho em vig\u00eancia\u201d, disse a presidenta da Confedera\u00e7\u00e3o Nacional dos Trabalhadores do Ramo Financeiro (Contraf-CUT) e coordenadora do Comando Nacional dos Banc\u00e1rios, Juvandia Moreira, ao lembrar que o\u00a0<a href=\"https:\/\/contrafcut.com.br\/noticias\/modelo-economico-concentra-renda-e-privilegia-banqueiros\/\" target=\"_blank\" rel=\"noopener noreferrer\">lucro somado dos cinco maiores bancos do pa\u00eds<\/a>\u00a0(Caixa, Banco do Brasil, Bradesco, Ita\u00fa e Santander) alcan\u00e7ou R$ 27,6 bilh\u00f5es entre o final de mar\u00e7o de 2021 e o final de mar\u00e7o de 2022, crescimento de 17,5% no per\u00edodo.<\/p>\n<p>\u201cMas, neste contexto de pandemia, as quest\u00f5es relacionadas \u00e0 sa\u00fade do trabalhador tamb\u00e9m ter\u00e3o destaque nesta campanha\u201d, completou.<\/p>\n<h3><strong>Anseios da categoria<\/strong><\/h3>\n<p>Os anseios da categoria, tirados a partir de\u00a0<a href=\"https:\/\/contrafcut.com.br\/noticias\/encerrada-primeira-fase-da-campanha-dos-bancarios\" target=\"_blank\" rel=\"noopener noreferrer\">debates nas bases em todo o pa\u00eds<\/a>\u00a0e embasados na\u00a0<a href=\"https:\/\/contrafcut.com.br\/noticias\/consulta-nacional-define-prioridades-da-categoria-para-a-campanha-nacional-2022\" target=\"_blank\" rel=\"noopener noreferrer\">Consulta Nacional<\/a>\u00a0\u00e0 categoria, que contou com mais de 35 mil participa\u00e7\u00f5es, mostrou necessidade da luta para a constru\u00e7\u00e3o de um Brasil sem fome, com equidade, emprego digno e sal\u00e1rio justo, mais investimentos em sa\u00fade e educa\u00e7\u00e3o, democracia, soberania e que valorize suas empresas estatais e bancos p\u00fablicos.<\/p>\n<p>\u201cAs reivindica\u00e7\u00f5es da categoria s\u00e3o importantes, mas a consulta nos mostrou tamb\u00e9m que banc\u00e1rias e banc\u00e1rios tamb\u00e9m est\u00e3o preocupados com o que acontece no pa\u00eds e querem um Brasil mais justo, com equidade, sem preconceito e discrimina\u00e7\u00e3o. Um pa\u00eds com emprego, mais investimentos em sa\u00fade e educa\u00e7\u00e3o. Um pa\u00eds que valorize os trabalhadores e que, por isso, acham importante o debate sobre as elei\u00e7\u00f5es e a conjuntura sociopol\u00edtica e econ\u00f4mica do pa\u00eds\u201d, afirmou a presidenta do Sindicato dos Banc\u00e1rios de S\u00e3o Paulo, Osasco e Regi\u00e3o, Ivone Silva, que tamb\u00e9m \u00e9 coordenadora do Comando Nacional dos Banc\u00e1rios.<\/p>\n<p>Dados da Consulta Nacional aos Banc\u00e1rios apontam que 84,3% da categoria acha muito importante eleger, nas elei\u00e7\u00f5es deste ano, candidatos \u00e0 Presid\u00eancia e ao Congresso Nacional, comprometidos com as pautas dos trabalhadores. Outros 12,2% classificam como importante.<\/p>\n<h3>Reivindica\u00e7\u00f5es aos bancos<\/h3>\n<p>O conjunto cl\u00e1usulas da minuta de reivindica\u00e7\u00f5es para a Campanha Nacional dos Banc\u00e1rios 2022 foi aprovada por 99,1% das delegadas e delegados da confer\u00eancia. Entre os pontos que foram votados separadamente, foi aprovada a reivindica\u00e7\u00e3o de aumento real de 5% de nos sal\u00e1rios e demais cl\u00e1usulas econ\u00f4micas (INPC + 5%) e aumento maior para os vales refei\u00e7\u00e3o e alimenta\u00e7\u00e3o.<\/p>\n<h3><strong>Assembleias<\/strong><\/h3>\n<p>A minuta de reivindica\u00e7\u00f5es e as resolu\u00e7\u00f5es aprovadas pela 24\u00aa Confer\u00eancia Nacional dos Trabalhadores do Ramo Financeiro ser\u00e3o analisadas em assembleias a serem realizadas por sindicatos dos banc\u00e1rios em todo o pa\u00eds nesta segunda (13) e ter\u00e7a-feira (14) e, ap\u00f3s aprovada, ser\u00e1 entregue \u00e0 Fenaban na quarta-feira (15).<\/p>\n<p><em><strong>*Com informa\u00e7\u00f5es da Contraf-CUT<\/strong><\/em><\/p>\n","protected":false},"excerpt":{"rendered":"<p>Representantes da categoria banc\u00e1ria de todo o pa\u00eds aprovaram, neste domingo (12), no encerramento da 24\u00aa Confer\u00eancia Nacional dos Banc\u00e1rios, o plano de lutas e a minuta de reivindica\u00e7\u00f5es que ser\u00e1 apresentada \u00e0 Federa\u00e7\u00e3o Nacional dos Bancos (Fenaban) para que se d\u00ea in\u00edcio \u00e0s negocia\u00e7\u00f5es da Campanha Nacional 2022. O Sindicato dos Banc\u00e1rios da Baixada [&hellip;]<\/p>\n","protected":false},"author":2,"featured_media":12662,"comment_status":"","ping_status":"","sticky":false,"template":"","format":"standard","meta":{"footnotes":""},"categories":[3],"tags":[],"class_list":["post-12663","post","type-post","status-publish","format-standard","has-post-thumbnail","hentry","category-noticias"],"_links":{"self":[{"href":"https:\/\/hostnetart.com.br\/baixada\/wp-json\/wp\/v2\/posts\/12663","targetHints":{"allow":["GET"]}}],"collection":[{"href":"https:\/\/hostnetart.com.br\/baixada\/wp-json\/wp\/v2\/posts"}],"about":[{"href":"https:\/\/hostnetart.com.br\/baixada\/wp-json\/wp\/v2\/types\/post"}],"author":[{"embeddable":true,"href":"https:\/\/hostnetart.com.br\/baixada\/wp-json\/wp\/v2\/users\/2"}],"replies":[{"embeddable":true,"href":"https:\/\/hostnetart.com.br\/baixada\/wp-json\/wp\/v2\/comments?post=12663"}],"version-history":[{"count":0,"href":"https:\/\/hostnetart.com.br\/baixada\/wp-json\/wp\/v2\/posts\/12663\/revisions"}],"wp:featuredmedia":[{"embeddable":true,"href":"https:\/\/hostnetart.com.br\/baixada\/wp-json\/wp\/v2\/media\/12662"}],"wp:attachment":[{"href":"https:\/\/hostnetart.com.br\/baixada\/wp-json\/wp\/v2\/media?parent=12663"}],"wp:term":[{"taxonomy":"category","embeddable":true,"href":"https:\/\/hostnetart.com.br\/baixada\/wp-json\/wp\/v2\/categories?post=12663"},{"taxonomy":"post_tag","embeddable":true,"href":"https:\/\/hostnetart.com.br\/baixada\/wp-json\/wp\/v2\/tags?post=12663"}],"curies":[{"name":"wp","href":"https:\/\/api.w.org\/{rel}","templated":true}]}}