{"id":12659,"date":"2022-06-10T00:31:23","date_gmt":"2022-06-10T03:31:23","guid":{"rendered":"https:\/\/hostnetart.com.br\/baixada\/bancarios-do-itau-aprovaram-pauta-de-reivindicacoes-ao-banco\/"},"modified":"2022-06-10T00:31:23","modified_gmt":"2022-06-10T03:31:23","slug":"bancarios-do-itau-aprovaram-pauta-de-reivindicacoes-ao-banco","status":"publish","type":"post","link":"https:\/\/hostnetart.com.br\/baixada\/bancarios-do-itau-aprovaram-pauta-de-reivindicacoes-ao-banco\/","title":{"rendered":"Banc\u00e1rios do Ita\u00fa aprovaram pauta de reivindica\u00e7\u00f5es ao banco"},"content":{"rendered":"<p>O Encontro Nacional dos Funcion\u00e1rios do Banco Ita\u00fa reuniu, nesta quinta-feira (9), banc\u00e1rios de todo o pa\u00eds para aprovar a pauta de reivindica\u00e7\u00f5es que ser\u00e3o levadas para o debate na 24\u00aa Confer\u00eancia Nacional dos Banc\u00e1rios, que ser\u00e1 realizado entre os dias 10 a 12 de junho, e posteriormente apresentadas ao banco. O encontro foi realizado em formato h\u00edbrido, parte dos delegados participaram presencialmente, parte por videoconfer\u00eancia, em decorr\u00eancia da pandemia gerada pelo novo coronav\u00edrus.<\/p>\n<p>Alcendino Anderson dos Santos, membro da COE (Comiss\u00e3o de Organiza\u00e7\u00e3o dos Empregados) Ita\u00fa e Diretor do Sindicato dos Banc\u00e1rios do Esp\u00edrito Santo, e Elizabeth Paradela, Diretora do Sindicato dos Banc\u00e1rios da Baixada Fluminense, representaram a Federac\u0327a\u0303o dos Trabalhadores do Ramo Financeiro dos Estados do Rio de Janeiro e Espi\u0301rito Santo (Fetraf RJ\/ES), no evento.<\/p>\n<p>Alcendino participou da mesa de abertura com representantes das Federa\u00e7\u00f5es presentes. J\u00e1 Elizabeth, da mesa de apresenta\u00e7\u00e3o do Dieese, onde foi uma das coordenadoras.<\/p>\n<p>\u201cConstru\u00edmos uma pauta que dialogue com os anseios dos trabalhadores ap\u00f3s ser debatidas por sindicatos e federa\u00e7\u00f5es de banc\u00e1rios do Ita\u00fa de todo o pa\u00eds. Agora vamos juntar com as contribui\u00e7\u00f5es dos trabalhadores de outros bancos e das confer\u00eancias estaduais e regionais para definirmos a pauta de toda a categoria durante nossa Confer\u00eancia Nacional\u201d, disse o coordenadora da Comiss\u00e3o de Organiza\u00e7\u00e3o dos Empregados (COE) do Ita\u00fa, Jair Alves.<\/p>\n<p>O coordenador do Coletivo do Ita\u00fa no estado de S\u00e3o Paulo, S\u00e9rgio Francisco, ressaltou a import\u00e2ncia para os trabalhadores dos debates realizados. \u201cDebatemos sobre empregos, remunera\u00e7\u00e3o, sa\u00fade, previd\u00eancia complementar, diversidade, seguran\u00e7a banc\u00e1ria, condi\u00e7\u00f5es de trabalho e teletrabalho, todos temas muito importantes e que podem contribuir com solu\u00e7\u00f5es para quest\u00f5es que afetam o dia a dia de trabalho nas ag\u00eancias e departamentos do banco\u201d, disse.<\/p>\n<p>Para a secret\u00e1ria de Sa\u00fade do Sindicato dos Banc\u00e1rios de S\u00e3o Paulo, Osasco e Regi\u00e3o, Valeska Pincovai, o debate muito rico e contribuiu para a elabora\u00e7\u00e3o da pauta com todos os eixos citados por Francisco. \u201cEncerramos esse encontro e retiramos uma pauta muito importante, que dialoga com os trabalhadores, sobre mais contrata\u00e7\u00f5es, o fechamento da ag\u00eancias, as demiss\u00f5es, um programa justo de remunera\u00e7\u00e3o e que todos recebam pelo que foi produzido\u201d, disse. Valeska tamb\u00e9m destacou que o aumento da viol\u00eancia s\u00f3 cresce no pa\u00eds e a seguran\u00e7a dos funcion\u00e1rios e clientes \u00e9 fundamental, ao falar sobre o debate sobre seguran\u00e7a banc\u00e1ria.<\/p>\n<p><img fetchpriority=\"high\" decoding=\"async\" class=\" size-full wp-image-12658\" src=\"https:\/\/hostnetart.com.br\/baixada\/wp-content\/uploads\/2022\/06\/encontro_itau_beth.jpg\" width=\"774\" height=\"1032\" srcset=\"https:\/\/hostnetart.com.br\/baixada\/wp-content\/uploads\/2022\/06\/encontro_itau_beth.jpg 774w, https:\/\/hostnetart.com.br\/baixada\/wp-content\/uploads\/2022\/06\/encontro_itau_beth-450x600.jpg 450w, https:\/\/hostnetart.com.br\/baixada\/wp-content\/uploads\/2022\/06\/encontro_itau_beth-768x1024.jpg 768w\" sizes=\"(max-width: 774px) 100vw, 774px\" \/><\/p>\n","protected":false},"excerpt":{"rendered":"<p>O Encontro Nacional dos Funcion\u00e1rios do Banco Ita\u00fa reuniu, nesta quinta-feira (9), banc\u00e1rios de todo o pa\u00eds para aprovar a pauta de reivindica\u00e7\u00f5es que ser\u00e3o levadas para o debate na 24\u00aa Confer\u00eancia Nacional dos Banc\u00e1rios, que ser\u00e1 realizado entre os dias 10 a 12 de junho, e posteriormente apresentadas ao banco. O encontro foi realizado [&hellip;]<\/p>\n","protected":false},"author":2,"featured_media":12657,"comment_status":"","ping_status":"","sticky":false,"template":"","format":"standard","meta":{"footnotes":""},"categories":[3],"tags":[],"class_list":["post-12659","post","type-post","status-publish","format-standard","has-post-thumbnail","hentry","category-noticias"],"_links":{"self":[{"href":"https:\/\/hostnetart.com.br\/baixada\/wp-json\/wp\/v2\/posts\/12659","targetHints":{"allow":["GET"]}}],"collection":[{"href":"https:\/\/hostnetart.com.br\/baixada\/wp-json\/wp\/v2\/posts"}],"about":[{"href":"https:\/\/hostnetart.com.br\/baixada\/wp-json\/wp\/v2\/types\/post"}],"author":[{"embeddable":true,"href":"https:\/\/hostnetart.com.br\/baixada\/wp-json\/wp\/v2\/users\/2"}],"replies":[{"embeddable":true,"href":"https:\/\/hostnetart.com.br\/baixada\/wp-json\/wp\/v2\/comments?post=12659"}],"version-history":[{"count":0,"href":"https:\/\/hostnetart.com.br\/baixada\/wp-json\/wp\/v2\/posts\/12659\/revisions"}],"wp:featuredmedia":[{"embeddable":true,"href":"https:\/\/hostnetart.com.br\/baixada\/wp-json\/wp\/v2\/media\/12657"}],"wp:attachment":[{"href":"https:\/\/hostnetart.com.br\/baixada\/wp-json\/wp\/v2\/media?parent=12659"}],"wp:term":[{"taxonomy":"category","embeddable":true,"href":"https:\/\/hostnetart.com.br\/baixada\/wp-json\/wp\/v2\/categories?post=12659"},{"taxonomy":"post_tag","embeddable":true,"href":"https:\/\/hostnetart.com.br\/baixada\/wp-json\/wp\/v2\/tags?post=12659"}],"curies":[{"name":"wp","href":"https:\/\/api.w.org\/{rel}","templated":true}]}}