{"id":12656,"date":"2022-06-09T23:39:44","date_gmt":"2022-06-10T02:39:44","guid":{"rendered":"https:\/\/hostnetart.com.br\/baixada\/encontro-nacional-dos-trabalhadores-do-bradesco-formaliza-pauta-de-reivindicacoes-especifica\/"},"modified":"2022-06-09T23:39:44","modified_gmt":"2022-06-10T02:39:44","slug":"encontro-nacional-dos-trabalhadores-do-bradesco-formaliza-pauta-de-reivindicacoes-especifica","status":"publish","type":"post","link":"https:\/\/hostnetart.com.br\/baixada\/encontro-nacional-dos-trabalhadores-do-bradesco-formaliza-pauta-de-reivindicacoes-especifica\/","title":{"rendered":"Encontro Nacional dos Trabalhadores do Bradesco formaliza pauta de reivindica\u00e7\u00f5es espec\u00edfica"},"content":{"rendered":"<p>Teletrabalho, remunera\u00e7\u00e3o, seguran\u00e7a, sa\u00fade, previd\u00eancia complementar, condi\u00e7\u00f5es de trabalho, emprego e aux\u00edlio educa\u00e7\u00e3o s\u00e3o os principais pontos da minuta espec\u00edfica de reivindica\u00e7\u00f5es definidas no Encontro Nacional dos Trabalhadores do Bradesco, realizado nesta quinta-feira (9), em formato h\u00edbrido. A parte presencial foi realizada na sede da Confedera\u00e7\u00e3o Nacional dos Trabalhadores do Ramo Financeiro (Contraf-CUT), em S\u00e3o Paulo.<\/p>\n<p>O documento ser\u00e1 entregue \u00e0 dire\u00e7\u00e3o do banco na pr\u00f3xima ter\u00e7a-feira (14). \u201cA participa\u00e7\u00e3o de todos os trabalhadores foi fundamental para chegarmos \u00e0 conclus\u00e3o deste documento. Agora, esperamos contar com a uni\u00e3o e a mobiliza\u00e7\u00e3o dos empregados para conseguimos conquistar todas nossas reivindica\u00e7\u00f5es\u201d, afirmou Magaly Fagundes, coordenadora da Comiss\u00e3o de Organiza\u00e7\u00e3o dos Empregados (COE) do Bradesco.<\/p>\n<h3>Concentra\u00e7\u00e3o de renda<\/h3>\n<p>Em sua apresenta\u00e7\u00e3o, Gustavo Cavarzan, t\u00e9cnico do Departamento Intersindical de Estat\u00edsticas e Estudos Socioecon\u00f4micos (Dieese) na Confedera\u00e7\u00e3o Nacional dos Trabalhadores do Ramo Financeiro (Contraf-CUT), mostrou como o desempenho dos bancos no in\u00edcio de 2022 deixou de ser definido pela pandemia e passou a espelhar o modelo econ\u00f4mico concentrador de renda do pa\u00eds, com aumento da pobreza, da infla\u00e7\u00e3o e consequente endividamento das fam\u00edlias em linhas de cr\u00e9ditos caras que se tornam receita nos bala\u00e7os do bancos. \u201cAl\u00e9m do modelo do pa\u00eds, o resultado dos bancos \u00e9 constru\u00eddo com base em um forte processo de digitaliza\u00e7\u00e3o, reestrutura\u00e7\u00e3o e surgimento de novos modelos de neg\u00f3cios\u201d, disse. O economista ainda deixou um desafio para os delegados do encontro: debater quais as consequ\u00eancias desse modelo para o emprego no ramo financeiro e para a organiza\u00e7\u00e3o sindical.<\/p>\n<h3>Seguran\u00e7a nas unidades de neg\u00f3cio<\/h3>\n<p>O Brasil terminou 2021 com 18.302 ag\u00eancias banc\u00e1rias. S\u00e3o 2.351 a menos do que o registrado no in\u00edcio da pandemia, segundo dados do Banco Central (BC). Motivo: a covid-19 impulsionou os pagamentos e o atendimento banc\u00e1rio por meios digitais. Segundo dados do BC, a rede de ag\u00eancias banc\u00e1rias est\u00e1 diminuindo no Brasil desde 2017. Mas os fechamentos aceleraram na pandemia de covid-19. Foram 1.334 de mar\u00e7o a dezembro de 2020 e mais 1.017 em 2021. A queda acumulada na pandemia foi de 11% e levou a rede de ag\u00eancias banc\u00e1rias ao menor patamar da s\u00e9rie hist\u00f3rica, iniciada em 2007.<\/p>\n<p>O banco que mais reduziu a rede de atendimento presencial na pandemia foi o Bradesco. A institui\u00e7\u00e3o fechou 1.527 ag\u00eancias desde mar\u00e7o de 2020. Muitas delas, foram transformadas em Unidade de Neg\u00f3cios. Elias Jord\u00e3o, secret\u00e1rio de Pol\u00edticas Sociais da Contraf-CUT, explicou como tem sido realizada a transi\u00e7\u00e3o de uma ag\u00eancia tradicional para unidade de neg\u00f3cio. \u201c\u00c9 um modelo que veio para ficar, n\u00e3o tem retorno, pela competitividade com os bancos digitais, pelo baixo custo operacional\u201d, explicou. \u201cO problema n\u00e3o s\u00e3o as unidades de neg\u00f3cio em si, mas sim o formato em que elas est\u00e3o funcionando, sem nenhum tipo de controle ou ferramentas de seguran\u00e7a, como portas de seguran\u00e7as ou vigilantes\u201d, completou.<\/p>\n<p>Magaly lembrou tamb\u00e9m que o Encontro Nacional dos Trabalhadores do Bradesco debateu ainda a \u201cdefesa do emprego, da democracia e a reconstru\u00e7\u00e3o do Brasil que queremos\u201d, finalizou.<\/p>\n<p><strong>Fonte: Contraf-CUT<\/strong><\/p>\n","protected":false},"excerpt":{"rendered":"<p>Teletrabalho, remunera\u00e7\u00e3o, seguran\u00e7a, sa\u00fade, previd\u00eancia complementar, condi\u00e7\u00f5es de trabalho, emprego e aux\u00edlio educa\u00e7\u00e3o s\u00e3o os principais pontos da minuta espec\u00edfica de reivindica\u00e7\u00f5es definidas no Encontro Nacional dos Trabalhadores do Bradesco, realizado nesta quinta-feira (9), em formato h\u00edbrido. A parte presencial foi realizada na sede da Confedera\u00e7\u00e3o Nacional dos Trabalhadores do Ramo Financeiro (Contraf-CUT), em S\u00e3o [&hellip;]<\/p>\n","protected":false},"author":2,"featured_media":12655,"comment_status":"","ping_status":"","sticky":false,"template":"","format":"standard","meta":{"footnotes":""},"categories":[3],"tags":[],"class_list":["post-12656","post","type-post","status-publish","format-standard","has-post-thumbnail","hentry","category-noticias"],"_links":{"self":[{"href":"https:\/\/hostnetart.com.br\/baixada\/wp-json\/wp\/v2\/posts\/12656","targetHints":{"allow":["GET"]}}],"collection":[{"href":"https:\/\/hostnetart.com.br\/baixada\/wp-json\/wp\/v2\/posts"}],"about":[{"href":"https:\/\/hostnetart.com.br\/baixada\/wp-json\/wp\/v2\/types\/post"}],"author":[{"embeddable":true,"href":"https:\/\/hostnetart.com.br\/baixada\/wp-json\/wp\/v2\/users\/2"}],"replies":[{"embeddable":true,"href":"https:\/\/hostnetart.com.br\/baixada\/wp-json\/wp\/v2\/comments?post=12656"}],"version-history":[{"count":0,"href":"https:\/\/hostnetart.com.br\/baixada\/wp-json\/wp\/v2\/posts\/12656\/revisions"}],"wp:featuredmedia":[{"embeddable":true,"href":"https:\/\/hostnetart.com.br\/baixada\/wp-json\/wp\/v2\/media\/12655"}],"wp:attachment":[{"href":"https:\/\/hostnetart.com.br\/baixada\/wp-json\/wp\/v2\/media?parent=12656"}],"wp:term":[{"taxonomy":"category","embeddable":true,"href":"https:\/\/hostnetart.com.br\/baixada\/wp-json\/wp\/v2\/categories?post=12656"},{"taxonomy":"post_tag","embeddable":true,"href":"https:\/\/hostnetart.com.br\/baixada\/wp-json\/wp\/v2\/tags?post=12656"}],"curies":[{"name":"wp","href":"https:\/\/api.w.org\/{rel}","templated":true}]}}