{"id":12654,"date":"2022-06-09T23:25:33","date_gmt":"2022-06-10T02:25:33","guid":{"rendered":"https:\/\/hostnetart.com.br\/baixada\/saude-dos-trabalhadores-da-caixa-e-tema-de-debate-no-conecef\/"},"modified":"2022-06-09T23:25:33","modified_gmt":"2022-06-10T02:25:33","slug":"saude-dos-trabalhadores-da-caixa-e-tema-de-debate-no-conecef","status":"publish","type":"post","link":"https:\/\/hostnetart.com.br\/baixada\/saude-dos-trabalhadores-da-caixa-e-tema-de-debate-no-conecef\/","title":{"rendered":"Sa\u00fade dos trabalhadores da Caixa \u00e9 tema de debate no Conecef"},"content":{"rendered":"<p>Dados da pesquisa sobre a sa\u00fade do trabalhador da Caixa, encomendada pela Federa\u00e7\u00e3o Nacional das Associa\u00e7\u00f5es do Pessoal da Caixa Econ\u00f4mica Federal (Fenae), nortearam o debate da Mesa 2, na tarde desta quinta-feira, no 38\u00ba Congresso Nacional dos Empregados da Caixa Econ\u00f4mica Federal (Conecef). O debate trouxe vis\u00f5es sobre as atuais dificuldades no enfrentamento ao adoecimento dos trabalhadores, principalmente diante do cen\u00e1rio de pandemia.<\/p>\n<p>Coordenadora da Mesa 2, a diretora de Comunica\u00e7\u00e3o do SEEB BH e representante da Fetrafi Minas Gerais na CEE Caixa, e diretora executiva da Contraf\/CUT, Eliana Brasil, destacou que os n\u00fameros apresentados pela pesquisa demonstram que a pandemia trouxe como consequ\u00eancia o adoecimento mental. \u201cEsse resultado nos mostra a necessidade urgente de debater o adoecimento da categoria com tantas metas abusivas a cumprir\u201d, avaliou.<\/p>\n<p>Eliana Brasil observou ainda que o trabalhado do empregado Caixa no atendimento na linha de frente, com o pagamento do aux\u00edlio emergencial \u00e0 popula\u00e7\u00e3o, o risco para os empregados foi potencializado. \u201cFoi uma coisa que n\u00f3s, empregados, nunca t\u00ednhamos vivido. A morte ficou muito pr\u00f3xima. Al\u00e9m das cobran\u00e7as de metas abusivas que permaneceram na pandemia, ainda teve o contato muito pr\u00f3ximo com a popula\u00e7\u00e3o, o risco era muito alto\u201d, pontou.<\/p>\n<p>S\u00e9rgio Wilson Lima de Amorim, dirigente sindical do SEEB Rio de Janeiro e representante suplente da Federa Rio de Janeiro na CEE-Caixa, lembrou que a defesa do SUS \u00e9 fundamental para discutir sa\u00fade no pa\u00eds. \u201cApesar de termos plano de sa\u00fade pr\u00f3prio, a coisa mais importante que conquistamos no Brasil foi o SUS. Precisamos lutar para que o SUS continue existindo, p\u00fablico e gratuito.\u201d, apontou.<\/p>\n<p>Outro alvo de desmonte \u00e9 a Caixa e o Sa\u00fade Caixa, pauta que re\u00fane ativos e aposentados.<\/p>\n<p>\u201cA perspectiva de n\u00e3o ter Caixa p\u00fablica e o plano de sa\u00fade \u00e9 o que nos move todos os dias para estarmos juntos. \u00c9 o elo que nos fortalece\u201d, comentou Edgard Ant\u00f4nio Bastos Lima, presidente da Federa\u00e7\u00e3o Nacional das Associa\u00e7\u00f5es de Aposentados e Pensionistas da Caixa Econ\u00f4mica Federal \u2013 Fenacef e representante da entidade na CEE-Caixa.<\/p>\n<p>Em rela\u00e7\u00e3o a planos como o Sa\u00fade Caixa, Alberto Alves Junior, Conselheiro Deliberativo da Caixa de Assist\u00eancia dos Funcion\u00e1rios do Banco do Brasil, trouxe um forte depoimento sobre o cen\u00e1rio atual.<\/p>\n<p>Segundo Alberto, desde 2015 houve uma grande quantidade de recursos externos que invadiram o mercado brasileiro, antes a assist\u00eancia era mais familiar, com planos menores. As negocia\u00e7\u00f5es eram mais equilibradas dentro dessa cadeia.<\/p>\n<p>\u201cA partir de 2012 e principalmente 2015 isso mudou. De l\u00e1 para c\u00e1 passamos a ter uma avalanche de fus\u00f5es e aquisi\u00e7\u00f5es tanto de forma horizontal quanto vertical. As autogest\u00f5es, est\u00e3o passando a ser compradores dos servi\u00e7os dos grandes grupos. E eles t\u00eam objetivo de expandir seus neg\u00f3cios. A tend\u00eancia \u00e9 que vendam cada vez mais caro para n\u00f3s\u201d, explicou.<\/p>\n<p>Alberto esclareceu que este movimento est\u00e1 trazendo dificuldades para as autogest\u00f5es, hospitais e planos menores. \u201cCada dia que passa temos que negociar mais e os recursos s\u00e3o elevados. Por outro lado, a solidariedade est\u00e1 em jogo. Estamos no meio dessa encruzilhada. Teremos de discutir uma forma que leve a frente a assist\u00eancia e ao mesmo tempo a quest\u00e3o econ\u00f4mica. Temos que juntar todas as nossas autogest\u00f5es para dialogar.<\/p>\n<p>N\u00e3o h\u00e1 como avan\u00e7ar e mudar com o atual governo, n\u00e3o vejo como o governo n\u00e3o tem pol\u00edticas p\u00fablicas voltadas para este conceito. N\u00e3o vejo como sair disso individualmente\u201d, alertou.<\/p>\n<p>Fernanda Souza Duarte, doutora e mestre em Psicologia Social, do Trabalho e das Organiza\u00e7\u00f5es, apresentou os resultados da pesquisa realizada pela Fenae sobre a sa\u00fade dos empregados. A pesquisa encomendada pela Fenae teve como foco conhecer a rela\u00e7\u00e3o entre trabalho e adoecimento pensando nos aspectos jur\u00eddico, psicol\u00f3gico e pol\u00edtico.<\/p>\n<p>\u201cSomente com essas \u00e1reas integradas podemos pensar interven\u00e7\u00f5es e preven\u00e7\u00e3o. A categoria banc\u00e1ria teve papel importante no debate desta quest\u00e3o desde os anos 80. Contribu\u00edram para a legisla\u00e7\u00e3o e para os estudos te\u00f3ricos\u201d, indicou.<\/p>\n<p>J\u00e1 haviam sido realizadas duas pesquisas anteriores \u00e0 \u00faltima de 2021. \u201cO que esses dados querem dizer? Fomos investigar o que est\u00e1 acontecendo. Investigar condi\u00e7\u00f5es de sa\u00fade e suas rela\u00e7\u00f5es com o trabalho dos ativos e aposentados da Caixa\u201d, esclareceu.<\/p>\n<p>Fernanda apresentou dados importantes para exemplificar a situa\u00e7\u00e3o e como hoje os problemas de transtorno mental j\u00e1 ultrapassam as chamadas LER\/Dort. Segundo a pesquisa, 47% dos que responderam afirmaram que o trabalho afeta a sa\u00fade e 42% disseram ter problemas de sa\u00fade relacionados ao trabalho.<\/p>\n<p>A pesquisa ainda apontou maior incid\u00eancia de ansiedade e depress\u00e3o. Por outro lado, tamb\u00e9m indica um baixo n\u00famero de afastamentos e que a maioria dos empregados que procurou tratamento psiqui\u00e1trico e psicol\u00f3gico foi por causa do trabalho.<\/p>\n<p>\u201cCom a pandemia come\u00e7aram a aparecer mais queixas de depress\u00e3o. As pessoas sentem obriga\u00e7\u00e3o de serem gratas e pensam que n\u00e3o podem se afastar, ficam trabalhando doentes. Temos a cultura da amea\u00e7a, sil\u00eancio e medo\u201d, ressaltou. Fernanda encerrou afirmando que, para lutar contra este cen\u00e1rio, devemos transcender explica\u00e7\u00f5es individuais, compreender caracter\u00edsticas sist\u00eamicas e dar continuidade do GT de sa\u00fade do trabalhador.<\/p>\n<p><strong>Texto<\/strong>: Fenae<\/p>\n","protected":false},"excerpt":{"rendered":"<p>Dados da pesquisa sobre a sa\u00fade do trabalhador da Caixa, encomendada pela Federa\u00e7\u00e3o Nacional das Associa\u00e7\u00f5es do Pessoal da Caixa Econ\u00f4mica Federal (Fenae), nortearam o debate da Mesa 2, na tarde desta quinta-feira, no 38\u00ba Congresso Nacional dos Empregados da Caixa Econ\u00f4mica Federal (Conecef). O debate trouxe vis\u00f5es sobre as atuais dificuldades no enfrentamento ao [&hellip;]<\/p>\n","protected":false},"author":2,"featured_media":12653,"comment_status":"","ping_status":"","sticky":false,"template":"","format":"standard","meta":{"footnotes":""},"categories":[3],"tags":[],"class_list":["post-12654","post","type-post","status-publish","format-standard","has-post-thumbnail","hentry","category-noticias"],"_links":{"self":[{"href":"https:\/\/hostnetart.com.br\/baixada\/wp-json\/wp\/v2\/posts\/12654","targetHints":{"allow":["GET"]}}],"collection":[{"href":"https:\/\/hostnetart.com.br\/baixada\/wp-json\/wp\/v2\/posts"}],"about":[{"href":"https:\/\/hostnetart.com.br\/baixada\/wp-json\/wp\/v2\/types\/post"}],"author":[{"embeddable":true,"href":"https:\/\/hostnetart.com.br\/baixada\/wp-json\/wp\/v2\/users\/2"}],"replies":[{"embeddable":true,"href":"https:\/\/hostnetart.com.br\/baixada\/wp-json\/wp\/v2\/comments?post=12654"}],"version-history":[{"count":0,"href":"https:\/\/hostnetart.com.br\/baixada\/wp-json\/wp\/v2\/posts\/12654\/revisions"}],"wp:featuredmedia":[{"embeddable":true,"href":"https:\/\/hostnetart.com.br\/baixada\/wp-json\/wp\/v2\/media\/12653"}],"wp:attachment":[{"href":"https:\/\/hostnetart.com.br\/baixada\/wp-json\/wp\/v2\/media?parent=12654"}],"wp:term":[{"taxonomy":"category","embeddable":true,"href":"https:\/\/hostnetart.com.br\/baixada\/wp-json\/wp\/v2\/categories?post=12654"},{"taxonomy":"post_tag","embeddable":true,"href":"https:\/\/hostnetart.com.br\/baixada\/wp-json\/wp\/v2\/tags?post=12654"}],"curies":[{"name":"wp","href":"https:\/\/api.w.org\/{rel}","templated":true}]}}